{"id":4273,"date":"2026-01-21T14:48:05","date_gmt":"2026-01-21T13:48:05","guid":{"rendered":"https:\/\/www.radiomais.ao\/?p=4273"},"modified":"2026-01-21T14:48:05","modified_gmt":"2026-01-21T13:48:05","slug":"angola-conta-com-uma-reserva-de-energia-de-40-por-cento-a-nivel-da-regiao-austral","status":"publish","type":"post","link":"https:\/\/www.radiomais.ao\/index.php\/2026\/01\/21\/angola-conta-com-uma-reserva-de-energia-de-40-por-cento-a-nivel-da-regiao-austral\/","title":{"rendered":"Angola conta com uma reserva de energia de 40 por cento, a n\u00edvel da Regi\u00e3o Austral."},"content":{"rendered":"\n<p>Angola disp\u00f5e atualmente de uma reserva de cerca de 40% da sua capacidade de gera\u00e7\u00e3o de energia, o que representa um potencial estrat\u00e9gico relevante, no \u00e2mbito da Plataforma das Empresas de Electricidade da Regi\u00e3o da \u00c1frica Austral (SAPP), que integra 16 pa\u00edses membros.<\/p>\n\n\n\n<p>\u00c9 neste contexto que decorre hoje, em Luanda, o Encontro dos Controladores de Sistema e Comercializadores de Energia da SAPP, um evento que acontece num momento em que a coordena\u00e7\u00e3o entre os pa\u00edses da \u00c1frica Austral se torna cada vez mais essencial, face \u00e0 crescente interliga\u00e7\u00e3o dos sistemas el\u00e9tricos, \u00e0 integra\u00e7\u00e3o de novas fontes de gera\u00e7\u00e3o e ao aumento do com\u00e9rcio transfronteiri\u00e7o de energia.<\/p>\n\n\n\n<p><\/p>\n\n\n<div \n    class=\"align wp-block-scb-sound-cloud\"    id=\"scbSoundCloud-1\"\n    data-attributes='{&quot;cId&quot;:&quot;b7e11af1-2&quot;,&quot;tracks&quot;:[{&quot;url&quot;:&quot;https:\\\/\\\/soundcloud.com\\\/radio-mais-luanda\\\/angola-conta-com-uma-reserva-de-energia-de-40-por-cento-a-nivel-da-regiao-austral?si=c1601d6cc4204dbfa0d78f9de8e1da5d&amp;utm_source=clipboard&amp;utm_medium=text&amp;utm_campaign=social_sharing&quot;,&quot;startTrack&quot;:0}],&quot;alignment&quot;:&quot;center&quot;,&quot;align&quot;:&quot;&quot;,&quot;options&quot;:{&quot;isAutoPlay&quot;:true,&quot;color&quot;:&quot;#f50&quot;,&quot;isBuying&quot;:true,&quot;isSharing&quot;:true,&quot;isDownload&quot;:true,&quot;isArtWork&quot;:true,&quot;isPlayCount&quot;:true,&quot;isUser&quot;:true,&quot;isSingleActive&quot;:true,&quot;isComments&quot;:true,&quot;isVisual&quot;:false,&quot;isTeaser&quot;:false,&quot;isHideRelated&quot;:false},&quot;iframeStyle&quot;:{&quot;width&quot;:&quot;100%&quot;,&quot;height&quot;:&quot;170px&quot;},&quot;frameBorder&quot;:{&quot;color&quot;:&quot;#000&quot;,&quot;style&quot;:&quot;solid&quot;,&quot;width&quot;:&quot;1px&quot;},&quot;frameBRadius&quot;:{&quot;top&quot;:&quot;3px&quot;,&quot;bottom&quot;:&quot;3px&quot;,&quot;left&quot;:&quot;3px&quot;,&quot;right&quot;:&quot;3px&quot;},&quot;frameBoxShadow&quot;:[]}'>\n<\/div>\n\n \n      ","protected":false},"excerpt":{"rendered":"<p>Angola disp\u00f5e atualmente de uma reserva de cerca de 40% da sua capacidade de gera\u00e7\u00e3o de energia, o que representa um potencial estrat\u00e9gico relevante, no \u00e2mbito da Plataforma das Empresas de Electricidade da Regi\u00e3o da \u00c1frica Austral (SAPP), que integra 16 pa\u00edses membros. \u00c9 neste contexto que decorre hoje, em Luanda, o Encontro dos Controladores [&hellip;]<\/p>\n","protected":false},"author":3,"featured_media":4274,"comment_status":"open","ping_status":"open","sticky":false,"template":"","format":"standard","meta":{"footnotes":""},"categories":[16],"tags":[1753,1752],"class_list":["post-4273","post","type-post","status-publish","format-standard","has-post-thumbnail","hentry","category-actualidade","tag-reserva-nacional","tag-sector-electrico"],"blocksy_meta":[],"_links":{"self":[{"href":"https:\/\/www.radiomais.ao\/index.php\/wp-json\/wp\/v2\/posts\/4273","targetHints":{"allow":["GET"]}}],"collection":[{"href":"https:\/\/www.radiomais.ao\/index.php\/wp-json\/wp\/v2\/posts"}],"about":[{"href":"https:\/\/www.radiomais.ao\/index.php\/wp-json\/wp\/v2\/types\/post"}],"author":[{"embeddable":true,"href":"https:\/\/www.radiomais.ao\/index.php\/wp-json\/wp\/v2\/users\/3"}],"replies":[{"embeddable":true,"href":"https:\/\/www.radiomais.ao\/index.php\/wp-json\/wp\/v2\/comments?post=4273"}],"version-history":[{"count":1,"href":"https:\/\/www.radiomais.ao\/index.php\/wp-json\/wp\/v2\/posts\/4273\/revisions"}],"predecessor-version":[{"id":4275,"href":"https:\/\/www.radiomais.ao\/index.php\/wp-json\/wp\/v2\/posts\/4273\/revisions\/4275"}],"wp:featuredmedia":[{"embeddable":true,"href":"https:\/\/www.radiomais.ao\/index.php\/wp-json\/wp\/v2\/media\/4274"}],"wp:attachment":[{"href":"https:\/\/www.radiomais.ao\/index.php\/wp-json\/wp\/v2\/media?parent=4273"}],"wp:term":[{"taxonomy":"category","embeddable":true,"href":"https:\/\/www.radiomais.ao\/index.php\/wp-json\/wp\/v2\/categories?post=4273"},{"taxonomy":"post_tag","embeddable":true,"href":"https:\/\/www.radiomais.ao\/index.php\/wp-json\/wp\/v2\/tags?post=4273"}],"curies":[{"name":"wp","href":"https:\/\/api.w.org\/{rel}","templated":true}]}}