{"id":4278,"date":"2026-01-22T08:45:58","date_gmt":"2026-01-22T07:45:58","guid":{"rendered":"https:\/\/www.radiomais.ao\/?p=4278"},"modified":"2026-01-22T08:45:58","modified_gmt":"2026-01-22T07:45:58","slug":"empresas-publicas-serao-supervisionadas-a-partir-de-uma-plataforma-digital","status":"publish","type":"post","link":"https:\/\/www.radiomais.ao\/index.php\/2026\/01\/22\/empresas-publicas-serao-supervisionadas-a-partir-de-uma-plataforma-digital\/","title":{"rendered":"Empresas p\u00fablicas ser\u00e3o supervisionadas a partir de uma plataforma digital."},"content":{"rendered":"\n<p><strong>O Instituto de Gest\u00e3o de Activos e Participa\u00e7\u00f5es do Estado (IGAPE) informou que, at\u00e9 ao final do m\u00eas de Janeiro do ano em curso, as empresas do Sector Empresarial P\u00fablico (SEP) passar\u00e3o a ser supervisionadas atrav\u00e9s da plataforma SEP360\u00ba<\/strong>.<\/p>\n\n\n\n<p>Trata-se da primeira solu\u00e7\u00e3o digital integrada em Angola que automatiza a recolha, a an\u00e1lise e o monitoramento de dados das empresas p\u00fablicas e com dom\u00ednio p\u00fablico. O SEP360\u00ba \u00e9 um sistema as- sente em Intelig\u00eancia Artificial (IA) e Robotic Process Automation (RPA), concebido para p\u00f4r fim \u00e0 depend\u00eancia de processos manuais, informa\u00e7\u00e3o fragmentada e relat\u00f3rios dispersos que, durante anos, condicionaram a efic\u00e1cia da fun\u00e7\u00e3o accionista do Estado.<\/p>\n\n\n\n<p>O sistema est\u00e1 na fase final de um projecto tecnol\u00f3gico de grande alcance, que promete transformar a forma como o Estado angolano acompanha, controla e avalia as empresas integradas no SEP.<\/p>\n\n\n\n<p>O SEP360\u00ba surge no \u00e2mbito da segunda fase de um programa estruturante de moderniza\u00e7\u00e3o institucional do IGAPE, alinhado com a estrat\u00e9gia do Executivo angolano para a transforma\u00e7\u00e3o digital da Administra\u00e7\u00e3o P\u00fablica, o refor\u00e7o da governa\u00e7\u00e3o e o aumento da transpar\u00eancia na gest\u00e3o dos activos do Estado.<\/p>\n","protected":false},"excerpt":{"rendered":"<p>O Instituto de Gest\u00e3o de Activos e Participa\u00e7\u00f5es do Estado (IGAPE) informou que, at\u00e9 ao final do m\u00eas de Janeiro do ano em curso, as empresas do Sector Empresarial P\u00fablico (SEP) passar\u00e3o a ser supervisionadas atrav\u00e9s da plataforma SEP360\u00ba. Trata-se da primeira solu\u00e7\u00e3o digital integrada em Angola que automatiza a recolha, a an\u00e1lise e o [&hellip;]<\/p>\n","protected":false},"author":3,"featured_media":4279,"comment_status":"open","ping_status":"open","sticky":false,"template":"","format":"standard","meta":{"footnotes":""},"categories":[1],"tags":[22,1756,1757],"class_list":["post-4278","post","type-post","status-publish","format-standard","has-post-thumbnail","hentry","category-uncategorized","tag-destaque","tag-empresas-publicas","tag-plataforma-digital"],"blocksy_meta":[],"_links":{"self":[{"href":"https:\/\/www.radiomais.ao\/index.php\/wp-json\/wp\/v2\/posts\/4278","targetHints":{"allow":["GET"]}}],"collection":[{"href":"https:\/\/www.radiomais.ao\/index.php\/wp-json\/wp\/v2\/posts"}],"about":[{"href":"https:\/\/www.radiomais.ao\/index.php\/wp-json\/wp\/v2\/types\/post"}],"author":[{"embeddable":true,"href":"https:\/\/www.radiomais.ao\/index.php\/wp-json\/wp\/v2\/users\/3"}],"replies":[{"embeddable":true,"href":"https:\/\/www.radiomais.ao\/index.php\/wp-json\/wp\/v2\/comments?post=4278"}],"version-history":[{"count":1,"href":"https:\/\/www.radiomais.ao\/index.php\/wp-json\/wp\/v2\/posts\/4278\/revisions"}],"predecessor-version":[{"id":4280,"href":"https:\/\/www.radiomais.ao\/index.php\/wp-json\/wp\/v2\/posts\/4278\/revisions\/4280"}],"wp:featuredmedia":[{"embeddable":true,"href":"https:\/\/www.radiomais.ao\/index.php\/wp-json\/wp\/v2\/media\/4279"}],"wp:attachment":[{"href":"https:\/\/www.radiomais.ao\/index.php\/wp-json\/wp\/v2\/media?parent=4278"}],"wp:term":[{"taxonomy":"category","embeddable":true,"href":"https:\/\/www.radiomais.ao\/index.php\/wp-json\/wp\/v2\/categories?post=4278"},{"taxonomy":"post_tag","embeddable":true,"href":"https:\/\/www.radiomais.ao\/index.php\/wp-json\/wp\/v2\/tags?post=4278"}],"curies":[{"name":"wp","href":"https:\/\/api.w.org\/{rel}","templated":true}]}}