{"id":4281,"date":"2026-01-22T09:04:06","date_gmt":"2026-01-22T08:04:06","guid":{"rendered":"https:\/\/www.radiomais.ao\/?p=4281"},"modified":"2026-01-22T09:04:06","modified_gmt":"2026-01-22T08:04:06","slug":"presidente-da-republica-considera-forca-aerea-pilar-estrategico-da-defesa-nacional","status":"publish","type":"post","link":"https:\/\/www.radiomais.ao\/index.php\/2026\/01\/22\/presidente-da-republica-considera-forca-aerea-pilar-estrategico-da-defesa-nacional\/","title":{"rendered":"Presidente da Rep\u00fablica considera For\u00e7a A\u00e9rea \u201cpilar estrat\u00e9gico da defesa nacional\u201d."},"content":{"rendered":"\n<p><strong>O Presidente da Rep\u00fablica e Comandante-em-Chefe das For\u00e7as Armadas Angolanas, Jo\u00e3o Louren\u00e7o, felicitou nesta quarta-feira a For\u00e7a A\u00e9rea Nacional (FAN) pelo seu quinquag\u00e9simo anivers\u00e1rio, exaltando o contributo hist\u00f3rico deste \u00f3rg\u00e3o para a defesa da soberania e a constru\u00e7\u00e3o da paz no pa\u00eds<\/strong><\/p>\n\n\n\n<p>Na mensagem dirigida a oficiais generais, oficiais superiores, capit\u00e3es, subalternos, sargentos, pra\u00e7as e trabalhadores civis, Jo\u00e3o Louren\u00e7o expressou o seu \u201cprofundo reconhecimento e elevado sentido de Estado\u201d, tendo sublinhado que a celebra\u00e7\u00e3o ocorre num ano de especial simbolismo para o pa\u00eds, que assinalou recentemente os cinquenta anos da Independ\u00eancia Nacional.<\/p>\n\n\n\n<p>O Chefe de Estado caracterizou a For\u00e7a A\u00e9rea como \u201cpilar estrat\u00e9gico da defesa nacional\u201d, com responsabilidades que v\u00e3o desde o controlo e garantia da soberania do espa\u00e7o a\u00e9reo \u00e0 preserva\u00e7\u00e3o da integridade territorial, apoio \u00e0s opera\u00e7\u00f5es conjuntas das FAA, seguran\u00e7a interna e miss\u00f5es humanit\u00e1rias e de protec\u00e7\u00e3o civil.<\/p>\n\n\n\n<p>Numa refer\u00eancia ao passado, o Presidente recordou que a For\u00e7a A\u00e9rea nasceu da necessidade hist\u00f3rica de consolidar a Independ\u00eancia e de defender a jovem Rep\u00fablica, garantindo capacidade de resposta do Estado angolano perante os desafios da defesa e seguran\u00e7a. Ao longo de cinco d\u00e9cadas, acrescentou, o \u00f3rg\u00e3o distinguiu-se pelo \u201celevado profissionalismo, coragem, disciplina e esp\u00edrito de miss\u00e3o\u201d, o que contribuiu de forma decisiva para a manuten\u00e7\u00e3o da paz, a reconcilia\u00e7\u00e3o nacional e a estabilidade pol\u00edtica e social. Ler mais em <strong><em><a href=\"https:\/\/www.opais.ao\/politica\/presidente-da-republica-considera-forca-aerea-pilar-estrategico-da-defesa-nacional\/\">Opa\u00eds.<\/a><\/em><\/strong><\/p>\n","protected":false},"excerpt":{"rendered":"<p>O Presidente da Rep\u00fablica e Comandante-em-Chefe das For\u00e7as Armadas Angolanas, Jo\u00e3o Louren\u00e7o, felicitou nesta quarta-feira a For\u00e7a A\u00e9rea Nacional (FAN) pelo seu quinquag\u00e9simo anivers\u00e1rio, exaltando o contributo hist\u00f3rico deste \u00f3rg\u00e3o para a defesa da soberania e a constru\u00e7\u00e3o da paz no pa\u00eds Na mensagem dirigida a oficiais generais, oficiais superiores, capit\u00e3es, subalternos, sargentos, pra\u00e7as e [&hellip;]<\/p>\n","protected":false},"author":3,"featured_media":4282,"comment_status":"open","ping_status":"open","sticky":false,"template":"","format":"standard","meta":{"footnotes":""},"categories":[16],"tags":[1758,1759],"class_list":["post-4281","post","type-post","status-publish","format-standard","has-post-thumbnail","hentry","category-actualidade","tag-forca-aeria","tag-plar-estrategico"],"blocksy_meta":[],"_links":{"self":[{"href":"https:\/\/www.radiomais.ao\/index.php\/wp-json\/wp\/v2\/posts\/4281","targetHints":{"allow":["GET"]}}],"collection":[{"href":"https:\/\/www.radiomais.ao\/index.php\/wp-json\/wp\/v2\/posts"}],"about":[{"href":"https:\/\/www.radiomais.ao\/index.php\/wp-json\/wp\/v2\/types\/post"}],"author":[{"embeddable":true,"href":"https:\/\/www.radiomais.ao\/index.php\/wp-json\/wp\/v2\/users\/3"}],"replies":[{"embeddable":true,"href":"https:\/\/www.radiomais.ao\/index.php\/wp-json\/wp\/v2\/comments?post=4281"}],"version-history":[{"count":1,"href":"https:\/\/www.radiomais.ao\/index.php\/wp-json\/wp\/v2\/posts\/4281\/revisions"}],"predecessor-version":[{"id":4283,"href":"https:\/\/www.radiomais.ao\/index.php\/wp-json\/wp\/v2\/posts\/4281\/revisions\/4283"}],"wp:featuredmedia":[{"embeddable":true,"href":"https:\/\/www.radiomais.ao\/index.php\/wp-json\/wp\/v2\/media\/4282"}],"wp:attachment":[{"href":"https:\/\/www.radiomais.ao\/index.php\/wp-json\/wp\/v2\/media?parent=4281"}],"wp:term":[{"taxonomy":"category","embeddable":true,"href":"https:\/\/www.radiomais.ao\/index.php\/wp-json\/wp\/v2\/categories?post=4281"},{"taxonomy":"post_tag","embeddable":true,"href":"https:\/\/www.radiomais.ao\/index.php\/wp-json\/wp\/v2\/tags?post=4281"}],"curies":[{"name":"wp","href":"https:\/\/api.w.org\/{rel}","templated":true}]}}