{"id":4284,"date":"2026-01-22T09:11:25","date_gmt":"2026-01-22T08:11:25","guid":{"rendered":"https:\/\/www.radiomais.ao\/?p=4284"},"modified":"2026-01-22T09:11:25","modified_gmt":"2026-01-22T08:11:25","slug":"florbela-araujo-defende-maior-articulacao-entre-parlamento-e-provedoria-de-justica","status":"publish","type":"post","link":"https:\/\/www.radiomais.ao\/index.php\/2026\/01\/22\/florbela-araujo-defende-maior-articulacao-entre-parlamento-e-provedoria-de-justica\/","title":{"rendered":"Florbela Ara\u00fajo defende maior articula\u00e7\u00e3o entre Parlamento e Provedoria de Justi\u00e7a."},"content":{"rendered":"\n<p><strong>A provedora de Justi\u00e7a, Florbela Ara\u00fajo, defendeu ontem, em Luanda, a necessidade de uma maior aproxima\u00e7\u00e3o entre a Provedoria de Justi\u00e7a e a Assembleia Nacional, sobretudo no tratamento legislativo de mat\u00e9rias relacionadas com a defesa dos direitos, liberdades e garantias fundamentais dos cidad\u00e3os. A posi\u00e7\u00e3o foi manifestada ap\u00f3s a audi\u00eancia com o presidente do Parlamento, Ad\u00e3o de Almeida, no quadro de um encontro que a respons\u00e1vel qualificou como \u201cinstitucional e de cortesia\u201d<\/strong><\/p>\n\n\n\n<p>Apesar de sublinhar que a Provedoria \u00e9 uma institui\u00e7\u00e3o independente, Florbela Ara\u00fajo lembrou que o provedor \u00e9 eleito pela Assembleia Nacional, motivo pelo qual solicitou o refor\u00e7o daquilo que designou por \u201cadvocacia parlamentar\u201d com vista a dignificar a figura do Provedor e agilizar a tramita\u00e7\u00e3o de diplomas pendentes, entre os quais o Estatuto do Provedor e a Lei da Provedoria de Justi\u00e7a. Ler mais em<strong><em><a href=\"https:\/\/www.opais.ao\/politica\/florbela-araujo-defende-maior-articulacao-entre-parlamento-e-provedoria-de-justica\/\"> Opa\u00eds<\/a><\/em><\/strong><\/p>\n","protected":false},"excerpt":{"rendered":"<p>A provedora de Justi\u00e7a, Florbela Ara\u00fajo, defendeu ontem, em Luanda, a necessidade de uma maior aproxima\u00e7\u00e3o entre a Provedoria de Justi\u00e7a e a Assembleia Nacional, sobretudo no tratamento legislativo de mat\u00e9rias relacionadas com a defesa dos direitos, liberdades e garantias fundamentais dos cidad\u00e3os. A posi\u00e7\u00e3o foi manifestada ap\u00f3s a audi\u00eancia com o presidente do Parlamento, [&hellip;]<\/p>\n","protected":false},"author":3,"featured_media":4285,"comment_status":"open","ping_status":"open","sticky":false,"template":"","format":"standard","meta":{"footnotes":""},"categories":[16],"tags":[1760],"class_list":["post-4284","post","type-post","status-publish","format-standard","has-post-thumbnail","hentry","category-actualidade","tag-maior-articulacao-entre-parlamento-e-provedoria-de-justica"],"blocksy_meta":[],"_links":{"self":[{"href":"https:\/\/www.radiomais.ao\/index.php\/wp-json\/wp\/v2\/posts\/4284","targetHints":{"allow":["GET"]}}],"collection":[{"href":"https:\/\/www.radiomais.ao\/index.php\/wp-json\/wp\/v2\/posts"}],"about":[{"href":"https:\/\/www.radiomais.ao\/index.php\/wp-json\/wp\/v2\/types\/post"}],"author":[{"embeddable":true,"href":"https:\/\/www.radiomais.ao\/index.php\/wp-json\/wp\/v2\/users\/3"}],"replies":[{"embeddable":true,"href":"https:\/\/www.radiomais.ao\/index.php\/wp-json\/wp\/v2\/comments?post=4284"}],"version-history":[{"count":1,"href":"https:\/\/www.radiomais.ao\/index.php\/wp-json\/wp\/v2\/posts\/4284\/revisions"}],"predecessor-version":[{"id":4286,"href":"https:\/\/www.radiomais.ao\/index.php\/wp-json\/wp\/v2\/posts\/4284\/revisions\/4286"}],"wp:featuredmedia":[{"embeddable":true,"href":"https:\/\/www.radiomais.ao\/index.php\/wp-json\/wp\/v2\/media\/4285"}],"wp:attachment":[{"href":"https:\/\/www.radiomais.ao\/index.php\/wp-json\/wp\/v2\/media?parent=4284"}],"wp:term":[{"taxonomy":"category","embeddable":true,"href":"https:\/\/www.radiomais.ao\/index.php\/wp-json\/wp\/v2\/categories?post=4284"},{"taxonomy":"post_tag","embeddable":true,"href":"https:\/\/www.radiomais.ao\/index.php\/wp-json\/wp\/v2\/tags?post=4284"}],"curies":[{"name":"wp","href":"https:\/\/api.w.org\/{rel}","templated":true}]}}