{"id":4288,"date":"2026-01-22T09:17:31","date_gmt":"2026-01-22T08:17:31","guid":{"rendered":"https:\/\/www.radiomais.ao\/?p=4288"},"modified":"2026-01-22T09:17:31","modified_gmt":"2026-01-22T08:17:31","slug":"inapem-abre-candidaturas-para-programa-de-inclusao-digital-na-zona-de-livre-comercio-africano","status":"publish","type":"post","link":"https:\/\/www.radiomais.ao\/index.php\/2026\/01\/22\/inapem-abre-candidaturas-para-programa-de-inclusao-digital-na-zona-de-livre-comercio-africano\/","title":{"rendered":"INAPEM abre candidaturas para programa de inclus\u00e3o digital na Zona de Livre Com\u00e9rcio Africano."},"content":{"rendered":"\n<p><strong>As candidaturas decorrem no portal do Instituto Nacional de Apoio \u00e0s Micro, Pequenas e M\u00e9dias Empresas (INAPEM), sendo que a forma\u00e7\u00e3o come\u00e7a no dia 26 de Janeiro, de forma presencial, no Gana, e em regime de e-learning (online)<\/strong>O programa visa capacitar 7 mil e 500 Micro, Pequenas e M\u00e9dias Empresas (MPME) em toda \u00c1frica, refor\u00e7ando compet\u00eancias digitais para a comercializa\u00e7\u00e3o de bens e servi\u00e7os no mercado da Zona de Com\u00e9rcio Livre Continental Africana (AFCFTA).<\/p>\n\n\n\n<p>O programa de forma\u00e7\u00e3o \u00e9 promovido pela Embaixada de Angola, na Rep\u00fablica do Gana, com o apoio da Google Hustle Academy. As sess\u00f5es presenciais contaram com 5 mil participantes e, em regime e-learning, com 2500 participantes. Segundo o INAPEM, o programa de forma\u00e7\u00e3o, em refer\u00eancia, est\u00e1 alinhado aos objectivos estrat\u00e9gicos da AFCFTA e do Protocolo sobre Digital. Ler mais em <strong><em><a href=\"https:\/\/www.opais.ao\/economia\/inapem-abre-candidaturas-para-programa-de-inclusao-digital-na-zona-de-livre-comercio-africano\/\">Opa\u00eds<\/a><\/em><\/strong><\/p>\n","protected":false},"excerpt":{"rendered":"<p>As candidaturas decorrem no portal do Instituto Nacional de Apoio \u00e0s Micro, Pequenas e M\u00e9dias Empresas (INAPEM), sendo que a forma\u00e7\u00e3o come\u00e7a no dia 26 de Janeiro, de forma presencial, no Gana, e em regime de e-learning (online)O programa visa capacitar 7 mil e 500 Micro, Pequenas e M\u00e9dias Empresas (MPME) em toda \u00c1frica, refor\u00e7ando [&hellip;]<\/p>\n","protected":false},"author":3,"featured_media":4289,"comment_status":"open","ping_status":"open","sticky":false,"template":"","format":"standard","meta":{"footnotes":""},"categories":[16],"tags":[1762,1761],"class_list":["post-4288","post","type-post","status-publish","format-standard","has-post-thumbnail","hentry","category-actualidade","tag-candidaturas-para-programa-de-inclusao-digital","tag-inapem"],"blocksy_meta":[],"_links":{"self":[{"href":"https:\/\/www.radiomais.ao\/index.php\/wp-json\/wp\/v2\/posts\/4288","targetHints":{"allow":["GET"]}}],"collection":[{"href":"https:\/\/www.radiomais.ao\/index.php\/wp-json\/wp\/v2\/posts"}],"about":[{"href":"https:\/\/www.radiomais.ao\/index.php\/wp-json\/wp\/v2\/types\/post"}],"author":[{"embeddable":true,"href":"https:\/\/www.radiomais.ao\/index.php\/wp-json\/wp\/v2\/users\/3"}],"replies":[{"embeddable":true,"href":"https:\/\/www.radiomais.ao\/index.php\/wp-json\/wp\/v2\/comments?post=4288"}],"version-history":[{"count":1,"href":"https:\/\/www.radiomais.ao\/index.php\/wp-json\/wp\/v2\/posts\/4288\/revisions"}],"predecessor-version":[{"id":4290,"href":"https:\/\/www.radiomais.ao\/index.php\/wp-json\/wp\/v2\/posts\/4288\/revisions\/4290"}],"wp:featuredmedia":[{"embeddable":true,"href":"https:\/\/www.radiomais.ao\/index.php\/wp-json\/wp\/v2\/media\/4289"}],"wp:attachment":[{"href":"https:\/\/www.radiomais.ao\/index.php\/wp-json\/wp\/v2\/media?parent=4288"}],"wp:term":[{"taxonomy":"category","embeddable":true,"href":"https:\/\/www.radiomais.ao\/index.php\/wp-json\/wp\/v2\/categories?post=4288"},{"taxonomy":"post_tag","embeddable":true,"href":"https:\/\/www.radiomais.ao\/index.php\/wp-json\/wp\/v2\/tags?post=4288"}],"curies":[{"name":"wp","href":"https:\/\/api.w.org\/{rel}","templated":true}]}}