{"id":4291,"date":"2026-01-22T09:32:22","date_gmt":"2026-01-22T08:32:22","guid":{"rendered":"https:\/\/www.radiomais.ao\/?p=4291"},"modified":"2026-01-22T09:32:22","modified_gmt":"2026-01-22T08:32:22","slug":"trabalhadores-dos-correios-de-angola-rejeitam-pedido-da-direccao-para-suspensao-da-greve-por-tres-meses","status":"publish","type":"post","link":"https:\/\/www.radiomais.ao\/index.php\/2026\/01\/22\/trabalhadores-dos-correios-de-angola-rejeitam-pedido-da-direccao-para-suspensao-da-greve-por-tres-meses\/","title":{"rendered":"Trabalhadores dos Correios de Angola rejeitam pedido da direc\u00e7\u00e3o para suspens\u00e3o da greve por tr\u00eas meses."},"content":{"rendered":"\n<p><strong>Um m\u00eas e cinco dias depois do seu in\u00edcio, os trabalhadores dos Correios de Angola mant\u00eam a greve, que tem como base a exig\u00eancia de melhores condi\u00e7\u00f5es de trabalho, incluindo o reajuste salarial, os subs\u00eddios e o qualificador ocupacional, sendo que os grevistas rejeitam o pedido da direc\u00e7\u00e3o para a suspens\u00e3o do protesto por um per\u00edodo de tr\u00eas meses<\/strong>.<\/p>\n\n\n\n<p>Em mais um dia de reivindica\u00e7\u00f5es, ontem, 21 de Janeiro, \u00e0 entrada do edif\u00edcio dos Correios de Angola, o segundo secret\u00e1rio do Sindicato dos Trabalhadores, Mateus dos Santos, afirmou que, no \u00faltimo encontro entre a Comiss\u00e3o Sindical e o Conselho de Administra\u00e7\u00e3o dos Correios de Angola, este \u00faltimo solicitou a interrup\u00e7\u00e3o da greve por tr\u00eas meses, para posterior implementa\u00e7\u00e3o dos subs\u00eddios.<\/p>\n\n\n\n<p>O pedido foi, no entanto, recusado pelos trabalhadores. \u201cDe acordo com o que nos disseram, a implementa\u00e7\u00e3o dos subs\u00eddios n\u00e3o abrangeria os trabalhadores a n\u00edvel nacional, mas apenas duas direc\u00e7\u00f5es. A de Opera\u00e7\u00f5es e a de Servi\u00e7os Gerais. N\u00f3s entendemos n\u00e3o aceitar tal condi\u00e7\u00e3o proposta pela direc\u00e7\u00e3o. Ler mais em <strong><em><a href=\"https:\/\/www.opais.ao\/sociedade\/trabalhadores-dos-correios-de-angola-rejeitam-pedido-da-direccao-para-suspensao-da-greve-por-tres-meses\/\">Opa\u00eds<\/a><\/em><\/strong><\/p>\n","protected":false},"excerpt":{"rendered":"<p>Um m\u00eas e cinco dias depois do seu in\u00edcio, os trabalhadores dos Correios de Angola mant\u00eam a greve, que tem como base a exig\u00eancia de melhores condi\u00e7\u00f5es de trabalho, incluindo o reajuste salarial, os subs\u00eddios e o qualificador ocupacional, sendo que os grevistas rejeitam o pedido da direc\u00e7\u00e3o para a suspens\u00e3o do protesto por um [&hellip;]<\/p>\n","protected":false},"author":3,"featured_media":4292,"comment_status":"open","ping_status":"open","sticky":false,"template":"","format":"standard","meta":{"footnotes":""},"categories":[16],"tags":[1763,627],"class_list":["post-4291","post","type-post","status-publish","format-standard","has-post-thumbnail","hentry","category-actualidade","tag-correios-de-angola","tag-greve"],"blocksy_meta":[],"_links":{"self":[{"href":"https:\/\/www.radiomais.ao\/index.php\/wp-json\/wp\/v2\/posts\/4291","targetHints":{"allow":["GET"]}}],"collection":[{"href":"https:\/\/www.radiomais.ao\/index.php\/wp-json\/wp\/v2\/posts"}],"about":[{"href":"https:\/\/www.radiomais.ao\/index.php\/wp-json\/wp\/v2\/types\/post"}],"author":[{"embeddable":true,"href":"https:\/\/www.radiomais.ao\/index.php\/wp-json\/wp\/v2\/users\/3"}],"replies":[{"embeddable":true,"href":"https:\/\/www.radiomais.ao\/index.php\/wp-json\/wp\/v2\/comments?post=4291"}],"version-history":[{"count":1,"href":"https:\/\/www.radiomais.ao\/index.php\/wp-json\/wp\/v2\/posts\/4291\/revisions"}],"predecessor-version":[{"id":4293,"href":"https:\/\/www.radiomais.ao\/index.php\/wp-json\/wp\/v2\/posts\/4291\/revisions\/4293"}],"wp:featuredmedia":[{"embeddable":true,"href":"https:\/\/www.radiomais.ao\/index.php\/wp-json\/wp\/v2\/media\/4292"}],"wp:attachment":[{"href":"https:\/\/www.radiomais.ao\/index.php\/wp-json\/wp\/v2\/media?parent=4291"}],"wp:term":[{"taxonomy":"category","embeddable":true,"href":"https:\/\/www.radiomais.ao\/index.php\/wp-json\/wp\/v2\/categories?post=4291"},{"taxonomy":"post_tag","embeddable":true,"href":"https:\/\/www.radiomais.ao\/index.php\/wp-json\/wp\/v2\/tags?post=4291"}],"curies":[{"name":"wp","href":"https:\/\/api.w.org\/{rel}","templated":true}]}}