{"id":4294,"date":"2026-01-22T09:36:45","date_gmt":"2026-01-22T08:36:45","guid":{"rendered":"https:\/\/www.radiomais.ao\/?p=4294"},"modified":"2026-01-22T09:36:45","modified_gmt":"2026-01-22T08:36:45","slug":"minsa-quer-aposta-na-alta-tecnologia-medica-para-o-hospital-americo-boavida","status":"publish","type":"post","link":"https:\/\/www.radiomais.ao\/index.php\/2026\/01\/22\/minsa-quer-aposta-na-alta-tecnologia-medica-para-o-hospital-americo-boavida\/","title":{"rendered":"MINSA quer aposta na alta tecnologia m\u00e9dica para o Hospital Am\u00e9rico Boavida."},"content":{"rendered":"\n<p><strong>A ministra da Sa\u00fade, S\u00edlvia Lutucuta, em miss\u00e3o na Rep\u00fablica Popular da China para refor\u00e7o da coopera\u00e7\u00e3o bilateral no sector da sa\u00fade, referiu que tem como maior objectivo assegurar que o Hospital Am\u00e9rico Boa Vida seja equipado com infra-estruturas modernas e tecnologia m\u00e9dica de \u00faltima gera\u00e7\u00e3o, alinhadas com os mais elevados padr\u00f5es internacionais de qualidade, seguran\u00e7a e sustentabilidade<\/strong>.<\/p>\n\n\n\n<p>Na ocasi\u00e3o, S\u00edlvia Lutucuta foi categ\u00f3rica dizendo que o Governo de Angola ser\u00e1 inflex\u00edvel quanto \u00e0 qualidade das infra-estruturas e dos equipamentos, sendo que o Hospital Am\u00e9rico Boavida deve afirmar-se como um centro de excel\u00eancia para assist\u00eancia, forma\u00e7\u00e3o, ensino e investiga\u00e7\u00e3o m\u00e9dica.<\/p>\n\n\n\n<p>\u201cO Hospital Am\u00e9rico Boavida ser\u00e1 um hospital de refer\u00eancia nacional. O nosso compromisso \u00e9 dot\u00e1-lo da melhor tecnologia dispon\u00edvel no mercado internacional. O processo de aquisi\u00e7\u00e3o permanece aberto, porque queremos o que h\u00e1 de mais avan\u00e7ado para Angola e para \u00c1frica\u201d, referiu a ministra, que esteve acompanhada pela embaixadora de Angola na China, Dalva Maurcia Calombo Ringote Allen, e outros membros do Minist\u00e9rio da Sa\u00fade. Ler mais <strong><em><a href=\"https:\/\/www.opais.ao\/sociedade\/minsa-quer-aposta-na-alta-tecnologia-medica-para-o-hospital-americo-boavida\/\">Opa\u00eds<\/a><\/em><\/strong><\/p>\n","protected":false},"excerpt":{"rendered":"<p>A ministra da Sa\u00fade, S\u00edlvia Lutucuta, em miss\u00e3o na Rep\u00fablica Popular da China para refor\u00e7o da coopera\u00e7\u00e3o bilateral no sector da sa\u00fade, referiu que tem como maior objectivo assegurar que o Hospital Am\u00e9rico Boa Vida seja equipado com infra-estruturas modernas e tecnologia m\u00e9dica de \u00faltima gera\u00e7\u00e3o, alinhadas com os mais elevados padr\u00f5es internacionais de qualidade, [&hellip;]<\/p>\n","protected":false},"author":3,"featured_media":4295,"comment_status":"open","ping_status":"open","sticky":false,"template":"","format":"standard","meta":{"footnotes":""},"categories":[16],"tags":[1764,1765,579],"class_list":["post-4294","post","type-post","status-publish","format-standard","has-post-thumbnail","hentry","category-actualidade","tag-alta-tecnologia","tag-hospital-americo-boa-vida","tag-minsa"],"blocksy_meta":[],"_links":{"self":[{"href":"https:\/\/www.radiomais.ao\/index.php\/wp-json\/wp\/v2\/posts\/4294","targetHints":{"allow":["GET"]}}],"collection":[{"href":"https:\/\/www.radiomais.ao\/index.php\/wp-json\/wp\/v2\/posts"}],"about":[{"href":"https:\/\/www.radiomais.ao\/index.php\/wp-json\/wp\/v2\/types\/post"}],"author":[{"embeddable":true,"href":"https:\/\/www.radiomais.ao\/index.php\/wp-json\/wp\/v2\/users\/3"}],"replies":[{"embeddable":true,"href":"https:\/\/www.radiomais.ao\/index.php\/wp-json\/wp\/v2\/comments?post=4294"}],"version-history":[{"count":1,"href":"https:\/\/www.radiomais.ao\/index.php\/wp-json\/wp\/v2\/posts\/4294\/revisions"}],"predecessor-version":[{"id":4296,"href":"https:\/\/www.radiomais.ao\/index.php\/wp-json\/wp\/v2\/posts\/4294\/revisions\/4296"}],"wp:featuredmedia":[{"embeddable":true,"href":"https:\/\/www.radiomais.ao\/index.php\/wp-json\/wp\/v2\/media\/4295"}],"wp:attachment":[{"href":"https:\/\/www.radiomais.ao\/index.php\/wp-json\/wp\/v2\/media?parent=4294"}],"wp:term":[{"taxonomy":"category","embeddable":true,"href":"https:\/\/www.radiomais.ao\/index.php\/wp-json\/wp\/v2\/categories?post=4294"},{"taxonomy":"post_tag","embeddable":true,"href":"https:\/\/www.radiomais.ao\/index.php\/wp-json\/wp\/v2\/tags?post=4294"}],"curies":[{"name":"wp","href":"https:\/\/api.w.org\/{rel}","templated":true}]}}