{"id":4297,"date":"2026-01-22T09:43:56","date_gmt":"2026-01-22T08:43:56","guid":{"rendered":"https:\/\/www.radiomais.ao\/?p=4297"},"modified":"2026-01-22T09:43:56","modified_gmt":"2026-01-22T08:43:56","slug":"desentendimentos-entre-vizinhos-termina-em-morte-na-maianga","status":"publish","type":"post","link":"https:\/\/www.radiomais.ao\/index.php\/2026\/01\/22\/desentendimentos-entre-vizinhos-termina-em-morte-na-maianga\/","title":{"rendered":"Desentendimentos entre vizinhos termina em morte na Maianga."},"content":{"rendered":"\n<p>O Servi\u00e7o de Investiga\u00e7\u00e3o Criminal (SIC) em Luanda  apresentou nas instala\u00e7\u00f5es do Comando Municipal da Maianga, um cidad\u00e3o nacional de 27 anos de idade, apontado como principal implicado no crime de homic\u00eddio qualificado.<\/p>\n\n\n\n<p>De acordo com informa\u00e7\u00f5es obtidas o suspeito foi detido por alegado envolvimento num homic\u00eddio ocorrido no dia 01 de Janeiro, no Munic\u00edpio da Maianga, bairro Gamek, rua do Paiol, no interior de uma resid\u00eancia.<\/p>\n\n\n\n<p>Informa\u00e7\u00f5es apuradas indicam que o crime ocorreu por volta das 10h00, na sequ\u00eancia de uma rivalidade entre vizinhos, que acabou por evoluir para uma briga. No decorrer da discuss\u00e3o, o suspeito ter\u00e1 se apossado de uma faca de cozinha e deslocou-se at\u00e9 \u00e0 resid\u00eancia da v\u00edtima, onde desferiu v\u00e1rios golpes que atingiram as regi\u00f5es do t\u00f3rax, abd\u00f3men, membros superiores e pesco\u00e7o.<\/p>\n\n\n\n<p>O SIC refere que a deten\u00e7\u00e3o do implicado surge no \u00e2mbito das investiga\u00e7\u00f5es em curso, visando o total esclarecimento do caso e o consequente encaminhamento do processo \u00e0s autoridades judiciais competentes.<\/p>\n","protected":false},"excerpt":{"rendered":"<p>O Servi\u00e7o de Investiga\u00e7\u00e3o Criminal (SIC) em Luanda apresentou nas instala\u00e7\u00f5es do Comando Municipal da Maianga, um cidad\u00e3o nacional de 27 anos de idade, apontado como principal implicado no crime de homic\u00eddio qualificado. De acordo com informa\u00e7\u00f5es obtidas o suspeito foi detido por alegado envolvimento num homic\u00eddio ocorrido no dia 01 de Janeiro, no Munic\u00edpio [&hellip;]<\/p>\n","protected":false},"author":3,"featured_media":4298,"comment_status":"open","ping_status":"open","sticky":false,"template":"","format":"standard","meta":{"footnotes":""},"categories":[16],"tags":[1766,1767,204],"class_list":["post-4297","post","type-post","status-publish","format-standard","has-post-thumbnail","hentry","category-actualidade","tag-brigas","tag-maianga","tag-mortes"],"blocksy_meta":[],"_links":{"self":[{"href":"https:\/\/www.radiomais.ao\/index.php\/wp-json\/wp\/v2\/posts\/4297","targetHints":{"allow":["GET"]}}],"collection":[{"href":"https:\/\/www.radiomais.ao\/index.php\/wp-json\/wp\/v2\/posts"}],"about":[{"href":"https:\/\/www.radiomais.ao\/index.php\/wp-json\/wp\/v2\/types\/post"}],"author":[{"embeddable":true,"href":"https:\/\/www.radiomais.ao\/index.php\/wp-json\/wp\/v2\/users\/3"}],"replies":[{"embeddable":true,"href":"https:\/\/www.radiomais.ao\/index.php\/wp-json\/wp\/v2\/comments?post=4297"}],"version-history":[{"count":1,"href":"https:\/\/www.radiomais.ao\/index.php\/wp-json\/wp\/v2\/posts\/4297\/revisions"}],"predecessor-version":[{"id":4299,"href":"https:\/\/www.radiomais.ao\/index.php\/wp-json\/wp\/v2\/posts\/4297\/revisions\/4299"}],"wp:featuredmedia":[{"embeddable":true,"href":"https:\/\/www.radiomais.ao\/index.php\/wp-json\/wp\/v2\/media\/4298"}],"wp:attachment":[{"href":"https:\/\/www.radiomais.ao\/index.php\/wp-json\/wp\/v2\/media?parent=4297"}],"wp:term":[{"taxonomy":"category","embeddable":true,"href":"https:\/\/www.radiomais.ao\/index.php\/wp-json\/wp\/v2\/categories?post=4297"},{"taxonomy":"post_tag","embeddable":true,"href":"https:\/\/www.radiomais.ao\/index.php\/wp-json\/wp\/v2\/tags?post=4297"}],"curies":[{"name":"wp","href":"https:\/\/api.w.org\/{rel}","templated":true}]}}