{"id":4300,"date":"2026-01-22T09:50:41","date_gmt":"2026-01-22T08:50:41","guid":{"rendered":"https:\/\/www.radiomais.ao\/?p=4300"},"modified":"2026-01-22T09:50:41","modified_gmt":"2026-01-22T08:50:41","slug":"vandalizacao-de-cabos-da-ende-deixa-mais-de-400-clientes-as-escuras-no-luena","status":"publish","type":"post","link":"https:\/\/www.radiomais.ao\/index.php\/2026\/01\/22\/vandalizacao-de-cabos-da-ende-deixa-mais-de-400-clientes-as-escuras-no-luena\/","title":{"rendered":"Vandaliza\u00e7\u00e3o de cabos da ENDE deixa mais de 400 clientes \u00e0s escuras no Luena."},"content":{"rendered":"\n<p>A vandaliza\u00e7\u00e3o dos cabos de aterramento do posto de seccionamento da ENDE, na prov\u00edncia do Moxico, privou o normal fornecimento de energia el\u00e9ctrica a mais de 450 clientes, na Centralidade Her\u00f3is de Cangamba, no munic\u00edpio do Luena.<\/p>\n\n\n\n<p>De acordo com a informa\u00e7\u00e3o verificada na p\u00e1gina oficial do Governo Provincial do Moxico, as equipas t\u00e9cnicas da Empresa Nacional de Distribui\u00e7\u00e3o de Electricidade j\u00e1 se encontram no local a avaliar os danos e a trabalhar para repor os servi\u00e7os.<\/p>\n\n\n\n<p>O governo do Moxico repudiou com veem\u00eancia o vandalismo dos equipamentos e apelou \u00e0 colabora\u00e7\u00e3o da comunidade na den\u00fancia de comportamentos do g\u00e9nero.<\/p>\n","protected":false},"excerpt":{"rendered":"<p>A vandaliza\u00e7\u00e3o dos cabos de aterramento do posto de seccionamento da ENDE, na prov\u00edncia do Moxico, privou o normal fornecimento de energia el\u00e9ctrica a mais de 450 clientes, na Centralidade Her\u00f3is de Cangamba, no munic\u00edpio do Luena. De acordo com a informa\u00e7\u00e3o verificada na p\u00e1gina oficial do Governo Provincial do Moxico, as equipas t\u00e9cnicas da [&hellip;]<\/p>\n","protected":false},"author":3,"featured_media":4301,"comment_status":"open","ping_status":"open","sticky":false,"template":"","format":"standard","meta":{"footnotes":""},"categories":[16],"tags":[1769,1768],"class_list":["post-4300","post","type-post","status-publish","format-standard","has-post-thumbnail","hentry","category-actualidade","tag-luena","tag-vandalizacao-de-cabos-da-ende"],"blocksy_meta":[],"_links":{"self":[{"href":"https:\/\/www.radiomais.ao\/index.php\/wp-json\/wp\/v2\/posts\/4300","targetHints":{"allow":["GET"]}}],"collection":[{"href":"https:\/\/www.radiomais.ao\/index.php\/wp-json\/wp\/v2\/posts"}],"about":[{"href":"https:\/\/www.radiomais.ao\/index.php\/wp-json\/wp\/v2\/types\/post"}],"author":[{"embeddable":true,"href":"https:\/\/www.radiomais.ao\/index.php\/wp-json\/wp\/v2\/users\/3"}],"replies":[{"embeddable":true,"href":"https:\/\/www.radiomais.ao\/index.php\/wp-json\/wp\/v2\/comments?post=4300"}],"version-history":[{"count":1,"href":"https:\/\/www.radiomais.ao\/index.php\/wp-json\/wp\/v2\/posts\/4300\/revisions"}],"predecessor-version":[{"id":4302,"href":"https:\/\/www.radiomais.ao\/index.php\/wp-json\/wp\/v2\/posts\/4300\/revisions\/4302"}],"wp:featuredmedia":[{"embeddable":true,"href":"https:\/\/www.radiomais.ao\/index.php\/wp-json\/wp\/v2\/media\/4301"}],"wp:attachment":[{"href":"https:\/\/www.radiomais.ao\/index.php\/wp-json\/wp\/v2\/media?parent=4300"}],"wp:term":[{"taxonomy":"category","embeddable":true,"href":"https:\/\/www.radiomais.ao\/index.php\/wp-json\/wp\/v2\/categories?post=4300"},{"taxonomy":"post_tag","embeddable":true,"href":"https:\/\/www.radiomais.ao\/index.php\/wp-json\/wp\/v2\/tags?post=4300"}],"curies":[{"name":"wp","href":"https:\/\/api.w.org\/{rel}","templated":true}]}}