{"id":4306,"date":"2026-01-22T11:01:43","date_gmt":"2026-01-22T10:01:43","guid":{"rendered":"https:\/\/www.radiomais.ao\/?p=4306"},"modified":"2026-01-22T11:01:43","modified_gmt":"2026-01-22T10:01:43","slug":"desentendimentos-por-uma-refeicao-leva-marido-a-matar-a-esposa-em-malanje","status":"publish","type":"post","link":"https:\/\/www.radiomais.ao\/index.php\/2026\/01\/22\/desentendimentos-por-uma-refeicao-leva-marido-a-matar-a-esposa-em-malanje\/","title":{"rendered":"Desentendimentos por uma refei\u00e7\u00e3o leva marido a matar a esposa em Malanje ."},"content":{"rendered":"\n<p>Um cidad\u00e3o nacional de 21 anos de idade foi detido, nesta Quarta-feira, 21, pelo Servi\u00e7o de Investiga\u00e7\u00e3o Criminal (SIC), em Malanje, acusado de ter tirado a vida da pr\u00f3pria esposa ap\u00f3s uma discuss\u00e3o motivada pela refei\u00e7\u00e3o preparada pela v\u00edtima, estando assim implicado no crime de homic\u00eddio qualificado em raz\u00e3o da qualidade da v\u00edtima.<\/p>\n\n\n\n<p>Segundo informa\u00e7\u00f5es obtidas por este jornal junto do SIC, o acusado regressou da lavra e ao chegar \u00e0 sua resid\u00eancia, manifestou desagrado em rela\u00e7\u00e3o \u00e0 refei\u00e7\u00e3o encontrada, situa\u00e7\u00e3o que deu origem a uma discuss\u00e3o entre o casal. No decurso do conflito, o homem desferiu sucessivos golpes em v\u00e1rias regi\u00f5es do corpo da esposa, provocando ferimentos graves que culminaram na sua morte.<\/p>\n\n\n\n<p>Ap\u00f3s dilig\u00eancias operativas, o SIC procedeu \u00e0 deten\u00e7\u00e3o do suspeito, que j\u00e1 se encontra sob cust\u00f3dia das autoridades e ser\u00e1 presente ao Minist\u00e9rio P\u00fablico para os tr\u00e2mites legais subsequentes. Ler mais em <strong><em><a href=\"https:\/\/www.opais.ao\/ultimas_hora\/homem-detido-em-malanje-por-matar-a-esposa-apos-desentendimento-por-causa-de-uma-refeicao\/\">Opa\u00eds<\/a><\/em><\/strong><\/p>\n","protected":false},"excerpt":{"rendered":"<p>Um cidad\u00e3o nacional de 21 anos de idade foi detido, nesta Quarta-feira, 21, pelo Servi\u00e7o de Investiga\u00e7\u00e3o Criminal (SIC), em Malanje, acusado de ter tirado a vida da pr\u00f3pria esposa ap\u00f3s uma discuss\u00e3o motivada pela refei\u00e7\u00e3o preparada pela v\u00edtima, estando assim implicado no crime de homic\u00eddio qualificado em raz\u00e3o da qualidade da v\u00edtima. Segundo informa\u00e7\u00f5es [&hellip;]<\/p>\n","protected":false},"author":3,"featured_media":4307,"comment_status":"open","ping_status":"open","sticky":false,"template":"","format":"standard","meta":{"footnotes":""},"categories":[16],"tags":[],"class_list":["post-4306","post","type-post","status-publish","format-standard","has-post-thumbnail","hentry","category-actualidade"],"blocksy_meta":[],"_links":{"self":[{"href":"https:\/\/www.radiomais.ao\/index.php\/wp-json\/wp\/v2\/posts\/4306","targetHints":{"allow":["GET"]}}],"collection":[{"href":"https:\/\/www.radiomais.ao\/index.php\/wp-json\/wp\/v2\/posts"}],"about":[{"href":"https:\/\/www.radiomais.ao\/index.php\/wp-json\/wp\/v2\/types\/post"}],"author":[{"embeddable":true,"href":"https:\/\/www.radiomais.ao\/index.php\/wp-json\/wp\/v2\/users\/3"}],"replies":[{"embeddable":true,"href":"https:\/\/www.radiomais.ao\/index.php\/wp-json\/wp\/v2\/comments?post=4306"}],"version-history":[{"count":1,"href":"https:\/\/www.radiomais.ao\/index.php\/wp-json\/wp\/v2\/posts\/4306\/revisions"}],"predecessor-version":[{"id":4308,"href":"https:\/\/www.radiomais.ao\/index.php\/wp-json\/wp\/v2\/posts\/4306\/revisions\/4308"}],"wp:featuredmedia":[{"embeddable":true,"href":"https:\/\/www.radiomais.ao\/index.php\/wp-json\/wp\/v2\/media\/4307"}],"wp:attachment":[{"href":"https:\/\/www.radiomais.ao\/index.php\/wp-json\/wp\/v2\/media?parent=4306"}],"wp:term":[{"taxonomy":"category","embeddable":true,"href":"https:\/\/www.radiomais.ao\/index.php\/wp-json\/wp\/v2\/categories?post=4306"},{"taxonomy":"post_tag","embeddable":true,"href":"https:\/\/www.radiomais.ao\/index.php\/wp-json\/wp\/v2\/tags?post=4306"}],"curies":[{"name":"wp","href":"https:\/\/api.w.org\/{rel}","templated":true}]}}