{"id":4309,"date":"2026-01-22T11:05:23","date_gmt":"2026-01-22T10:05:23","guid":{"rendered":"https:\/\/www.radiomais.ao\/?p=4309"},"modified":"2026-01-22T11:05:23","modified_gmt":"2026-01-22T10:05:23","slug":"explosao-em-caldeiras-de-fundicao-mata-duas-pessoas-e-deixa-sete-feridos","status":"publish","type":"post","link":"https:\/\/www.radiomais.ao\/index.php\/2026\/01\/22\/explosao-em-caldeiras-de-fundicao-mata-duas-pessoas-e-deixa-sete-feridos\/","title":{"rendered":"Explos\u00e3o em caldeiras de fundi\u00e7\u00e3o mata duas pessoas e deixa sete feridos."},"content":{"rendered":"\n<p>Duas pessoas morreram, nesta quarta-feira, 21, no munic\u00edpio de Catete, prov\u00edncia do Icolo e Bengo, em consequ\u00eancia de uma explos\u00e3o em duas caldeiras de fundi\u00e7\u00e3o de metal da empresa chinesa de ferro ZAHT.<\/p>\n\n\n\n<p>De acordo com informa\u00e7\u00f5es obtidas, o incidente teve origem numas caldeiras por volta das 6h, onde provocou chamas e evoluiu em inc\u00eandio de m\u00e9dia propor\u00e7\u00e3o que matou duas pessoas e deixou sete feridos.<\/p>\n\n\n\n<p>As v\u00edtimas mortais s\u00e3o cidad\u00e3os chineses, enquanto os feridos incluem trabalhadores nacionais e estrangeiros.<\/p>\n","protected":false},"excerpt":{"rendered":"<p>Duas pessoas morreram, nesta quarta-feira, 21, no munic\u00edpio de Catete, prov\u00edncia do Icolo e Bengo, em consequ\u00eancia de uma explos\u00e3o em duas caldeiras de fundi\u00e7\u00e3o de metal da empresa chinesa de ferro ZAHT. De acordo com informa\u00e7\u00f5es obtidas, o incidente teve origem numas caldeiras por volta das 6h, onde provocou chamas e evoluiu em inc\u00eandio [&hellip;]<\/p>\n","protected":false},"author":3,"featured_media":4310,"comment_status":"open","ping_status":"open","sticky":false,"template":"","format":"standard","meta":{"footnotes":""},"categories":[16],"tags":[1775,1774],"class_list":["post-4309","post","type-post","status-publish","format-standard","has-post-thumbnail","hentry","category-actualidade","tag-deixa-2-mortos","tag-explosao-em-caldeiras-de-fundicao"],"blocksy_meta":[],"_links":{"self":[{"href":"https:\/\/www.radiomais.ao\/index.php\/wp-json\/wp\/v2\/posts\/4309","targetHints":{"allow":["GET"]}}],"collection":[{"href":"https:\/\/www.radiomais.ao\/index.php\/wp-json\/wp\/v2\/posts"}],"about":[{"href":"https:\/\/www.radiomais.ao\/index.php\/wp-json\/wp\/v2\/types\/post"}],"author":[{"embeddable":true,"href":"https:\/\/www.radiomais.ao\/index.php\/wp-json\/wp\/v2\/users\/3"}],"replies":[{"embeddable":true,"href":"https:\/\/www.radiomais.ao\/index.php\/wp-json\/wp\/v2\/comments?post=4309"}],"version-history":[{"count":1,"href":"https:\/\/www.radiomais.ao\/index.php\/wp-json\/wp\/v2\/posts\/4309\/revisions"}],"predecessor-version":[{"id":4311,"href":"https:\/\/www.radiomais.ao\/index.php\/wp-json\/wp\/v2\/posts\/4309\/revisions\/4311"}],"wp:featuredmedia":[{"embeddable":true,"href":"https:\/\/www.radiomais.ao\/index.php\/wp-json\/wp\/v2\/media\/4310"}],"wp:attachment":[{"href":"https:\/\/www.radiomais.ao\/index.php\/wp-json\/wp\/v2\/media?parent=4309"}],"wp:term":[{"taxonomy":"category","embeddable":true,"href":"https:\/\/www.radiomais.ao\/index.php\/wp-json\/wp\/v2\/categories?post=4309"},{"taxonomy":"post_tag","embeddable":true,"href":"https:\/\/www.radiomais.ao\/index.php\/wp-json\/wp\/v2\/tags?post=4309"}],"curies":[{"name":"wp","href":"https:\/\/api.w.org\/{rel}","templated":true}]}}