{"id":4312,"date":"2026-01-22T11:18:30","date_gmt":"2026-01-22T10:18:30","guid":{"rendered":"https:\/\/www.radiomais.ao\/?p=4312"},"modified":"2026-01-22T11:18:30","modified_gmt":"2026-01-22T10:18:30","slug":"obras-na-via-huila-benguela-concluidas-esse-semestre","status":"publish","type":"post","link":"https:\/\/www.radiomais.ao\/index.php\/2026\/01\/22\/obras-na-via-huila-benguela-concluidas-esse-semestre\/","title":{"rendered":"Obras na via Hu\u00edla Benguela conclu\u00eddas esse semestre."},"content":{"rendered":"\n<p><strong>As obras de reabilita\u00e7\u00e3o da EN 105, no tro\u00e7o que liga a Hu\u00edla a Benguela, iniciadas em 2024, t\u00eam j\u00e1 asfaltados 78 quil\u00f3metros e o empreiteiro promete entreg\u00e1-la at\u00e9 Junho pr\u00f3ximo<\/strong>.<\/p>\n\n\n\n<p>A informa\u00e7\u00e3o foi avan\u00e7ada pelo director do Instituto Nacional de Estradas de Angola (INEA) na Hu\u00edla, Jos\u00e9 Augusto Vieira, em entrevista \u00e0 ANGOP, para actualizar o andamento das principais infra-estruturas rodovi\u00e1rias na regi\u00e3o.<\/p>\n\n\n\n<p>Segundo o respons\u00e1vel, para al\u00e9m do tro\u00e7o j\u00e1 asfaltado at\u00e9 \u00e0 \u00faltima camada, decorrem igual mente trabalhos de terraplanagem noutros 50 quil\u00f3metros que perfazem o territ\u00f3rio da Hu\u00edla, que ir\u00e3o permitir a posterior pavimenta\u00e7\u00e3o com asfalto.<\/p>\n\n\n\n<p>Jos\u00e9 Vieira sublinhou que a interven\u00e7\u00e3o na EN-105 j\u00e1 melhorou a circula\u00e7\u00e3o rodovi\u00e1ria, reduzindo o tempo de viagem entre a Hu\u00edla e Benguela, bem como a liga\u00e7\u00e3o com outras regi\u00f5es do pa\u00eds.<\/p>\n\n\n\n<p>Caso n\u00e3o surjam constrangi mentos t\u00e9cnicos ou financeiros, disse a fonte, a obra ficar\u00e1 conclu\u00edda dentro do prazo previsto, o 1.\u00ba semestre, como assegurou o pr\u00f3prio empreiteiro, o que vai ajudar a melhorar a mobilidade, o com\u00e9rcio e a integra\u00e7\u00e3o econ\u00f3mica regional em \u00c1frica, dada a liga\u00e7\u00e3o com a Nam\u00edbia.<\/p>\n","protected":false},"excerpt":{"rendered":"<p>As obras de reabilita\u00e7\u00e3o da EN 105, no tro\u00e7o que liga a Hu\u00edla a Benguela, iniciadas em 2024, t\u00eam j\u00e1 asfaltados 78 quil\u00f3metros e o empreiteiro promete entreg\u00e1-la at\u00e9 Junho pr\u00f3ximo. A informa\u00e7\u00e3o foi avan\u00e7ada pelo director do Instituto Nacional de Estradas de Angola (INEA) na Hu\u00edla, Jos\u00e9 Augusto Vieira, em entrevista \u00e0 ANGOP, para [&hellip;]<\/p>\n","protected":false},"author":3,"featured_media":4313,"comment_status":"open","ping_status":"open","sticky":false,"template":"","format":"standard","meta":{"footnotes":""},"categories":[16],"tags":[1776],"class_list":["post-4312","post","type-post","status-publish","format-standard","has-post-thumbnail","hentry","category-actualidade","tag-obras-na-via-huila-benguela"],"blocksy_meta":[],"_links":{"self":[{"href":"https:\/\/www.radiomais.ao\/index.php\/wp-json\/wp\/v2\/posts\/4312","targetHints":{"allow":["GET"]}}],"collection":[{"href":"https:\/\/www.radiomais.ao\/index.php\/wp-json\/wp\/v2\/posts"}],"about":[{"href":"https:\/\/www.radiomais.ao\/index.php\/wp-json\/wp\/v2\/types\/post"}],"author":[{"embeddable":true,"href":"https:\/\/www.radiomais.ao\/index.php\/wp-json\/wp\/v2\/users\/3"}],"replies":[{"embeddable":true,"href":"https:\/\/www.radiomais.ao\/index.php\/wp-json\/wp\/v2\/comments?post=4312"}],"version-history":[{"count":1,"href":"https:\/\/www.radiomais.ao\/index.php\/wp-json\/wp\/v2\/posts\/4312\/revisions"}],"predecessor-version":[{"id":4314,"href":"https:\/\/www.radiomais.ao\/index.php\/wp-json\/wp\/v2\/posts\/4312\/revisions\/4314"}],"wp:featuredmedia":[{"embeddable":true,"href":"https:\/\/www.radiomais.ao\/index.php\/wp-json\/wp\/v2\/media\/4313"}],"wp:attachment":[{"href":"https:\/\/www.radiomais.ao\/index.php\/wp-json\/wp\/v2\/media?parent=4312"}],"wp:term":[{"taxonomy":"category","embeddable":true,"href":"https:\/\/www.radiomais.ao\/index.php\/wp-json\/wp\/v2\/categories?post=4312"},{"taxonomy":"post_tag","embeddable":true,"href":"https:\/\/www.radiomais.ao\/index.php\/wp-json\/wp\/v2\/tags?post=4312"}],"curies":[{"name":"wp","href":"https:\/\/api.w.org\/{rel}","templated":true}]}}