{"id":4318,"date":"2026-01-22T12:41:23","date_gmt":"2026-01-22T11:41:23","guid":{"rendered":"https:\/\/www.radiomais.ao\/?p=4318"},"modified":"2026-01-22T12:41:23","modified_gmt":"2026-01-22T11:41:23","slug":"conselho-consultivo-da-pgr-privilegia-discussao-em-torno-da-etica-e-integridade","status":"publish","type":"post","link":"https:\/\/www.radiomais.ao\/index.php\/2026\/01\/22\/conselho-consultivo-da-pgr-privilegia-discussao-em-torno-da-etica-e-integridade\/","title":{"rendered":"Conselho consultivo da PGR privilegia discuss\u00e3o em torno da \u00e9tica e integridade."},"content":{"rendered":"\n<p>O Procurador-geral da Rep\u00fablica advertiu aos magistrados presentes, provenientes das 21 prov\u00edncias do pa\u00eds, que n\u00e3o se deve exigir ao cidad\u00e3o o cumprimento da lei se n\u00e3o houver da parte dos fiscais da legalidade o compromisso com a legalidade e a \u00e9tica no exerc\u00edcio das fun\u00e7\u00f5es. H\u00e9lder Pita Gr\u00f3s espera que os dois dias de evento sirvam para reflex\u00e3o uma profunda em torno dessas quest\u00f5es e, no final dos trabalhos, haja as sump\u00e7\u00e3o de compromissos.<\/p>\n\n\n\n<p>A tramita\u00e7\u00e3o processual constitui uma das principais preocupa\u00e7\u00f5es da Procuradoria-Geral da Rep\u00fablica, em virtude de uma s\u00e9rie de reclama\u00e7\u00f5es de cidad\u00e3os, que, em muitos casos, n\u00e3o compreendem a tipologia processual e, por conseguinte, esperam por mais celeridade &#8211; refere o procurador Avelino Capessa, porta-voz do conselho consultivo, que tem a cidade do Huambo como palco. Ler mais em <strong><em><a href=\"https:\/\/www.opais.ao\/sociedade\/conselho-consultivo-da-pgr-privilegia-discussao-em-torno-da-etica-e-integridade\/\">Opa\u00eds.<\/a><\/em><\/strong><\/p>\n","protected":false},"excerpt":{"rendered":"<p>O Procurador-geral da Rep\u00fablica advertiu aos magistrados presentes, provenientes das 21 prov\u00edncias do pa\u00eds, que n\u00e3o se deve exigir ao cidad\u00e3o o cumprimento da lei se n\u00e3o houver da parte dos fiscais da legalidade o compromisso com a legalidade e a \u00e9tica no exerc\u00edcio das fun\u00e7\u00f5es. H\u00e9lder Pita Gr\u00f3s espera que os dois dias de [&hellip;]<\/p>\n","protected":false},"author":3,"featured_media":4319,"comment_status":"open","ping_status":"open","sticky":false,"template":"","format":"standard","meta":{"footnotes":""},"categories":[16],"tags":[1778],"class_list":["post-4318","post","type-post","status-publish","format-standard","has-post-thumbnail","hentry","category-actualidade","tag-conselho-consecutivo-da-pgr"],"blocksy_meta":[],"_links":{"self":[{"href":"https:\/\/www.radiomais.ao\/index.php\/wp-json\/wp\/v2\/posts\/4318","targetHints":{"allow":["GET"]}}],"collection":[{"href":"https:\/\/www.radiomais.ao\/index.php\/wp-json\/wp\/v2\/posts"}],"about":[{"href":"https:\/\/www.radiomais.ao\/index.php\/wp-json\/wp\/v2\/types\/post"}],"author":[{"embeddable":true,"href":"https:\/\/www.radiomais.ao\/index.php\/wp-json\/wp\/v2\/users\/3"}],"replies":[{"embeddable":true,"href":"https:\/\/www.radiomais.ao\/index.php\/wp-json\/wp\/v2\/comments?post=4318"}],"version-history":[{"count":1,"href":"https:\/\/www.radiomais.ao\/index.php\/wp-json\/wp\/v2\/posts\/4318\/revisions"}],"predecessor-version":[{"id":4320,"href":"https:\/\/www.radiomais.ao\/index.php\/wp-json\/wp\/v2\/posts\/4318\/revisions\/4320"}],"wp:featuredmedia":[{"embeddable":true,"href":"https:\/\/www.radiomais.ao\/index.php\/wp-json\/wp\/v2\/media\/4319"}],"wp:attachment":[{"href":"https:\/\/www.radiomais.ao\/index.php\/wp-json\/wp\/v2\/media?parent=4318"}],"wp:term":[{"taxonomy":"category","embeddable":true,"href":"https:\/\/www.radiomais.ao\/index.php\/wp-json\/wp\/v2\/categories?post=4318"},{"taxonomy":"post_tag","embeddable":true,"href":"https:\/\/www.radiomais.ao\/index.php\/wp-json\/wp\/v2\/tags?post=4318"}],"curies":[{"name":"wp","href":"https:\/\/api.w.org\/{rel}","templated":true}]}}