{"id":4321,"date":"2026-01-22T12:45:32","date_gmt":"2026-01-22T11:45:32","guid":{"rendered":"https:\/\/www.radiomais.ao\/?p=4321"},"modified":"2026-01-22T12:45:32","modified_gmt":"2026-01-22T11:45:32","slug":"ministra-do-ambiente-preside-cerimonia-do-observatorio-climatico","status":"publish","type":"post","link":"https:\/\/www.radiomais.ao\/index.php\/2026\/01\/22\/ministra-do-ambiente-preside-cerimonia-do-observatorio-climatico\/","title":{"rendered":"Ministra do Ambiente preside cerim\u00f3nia do Observat\u00f3rio Clim\u00e1tico"},"content":{"rendered":"\n<p>A ministra do ambiente, Ana Paula de Carvalho Pereira, est\u00e1 na prov\u00edncia do Huambo, onde dever\u00e1 presidir a cerim\u00f3nia de abertura do Observat\u00f3rio Clim\u00e1tico e a entrega de meios para o refor\u00e7o do saneamento b\u00e1sico.<\/p>\n\n\n\n<p>\u00c0 chegada, a ministra foi recebida no Aeroporto Albano Machado pelo governador da prov\u00edncia do Huambo Pereira Alfredo, com quem manteve um encontro de cortesia. Ler mais em <strong><em><a href=\"https:\/\/www.opais.ao\/sociedade\/ministra-do-ambiente-preside-cerimonia-do-observatorio-climatico\/\">Opa\u00eds<\/a><\/em><\/strong><\/p>\n","protected":false},"excerpt":{"rendered":"<p>A ministra do ambiente, Ana Paula de Carvalho Pereira, est\u00e1 na prov\u00edncia do Huambo, onde dever\u00e1 presidir a cerim\u00f3nia de abertura do Observat\u00f3rio Clim\u00e1tico e a entrega de meios para o refor\u00e7o do saneamento b\u00e1sico. \u00c0 chegada, a ministra foi recebida no Aeroporto Albano Machado pelo governador da prov\u00edncia do Huambo Pereira Alfredo, com quem [&hellip;]<\/p>\n","protected":false},"author":3,"featured_media":4322,"comment_status":"open","ping_status":"open","sticky":false,"template":"","format":"standard","meta":{"footnotes":""},"categories":[16],"tags":[1780,1779],"class_list":["post-4321","post","type-post","status-publish","format-standard","has-post-thumbnail","hentry","category-actualidade","tag-cerimonia-do-observatorio-climatico","tag-ministra-do-ambiente"],"blocksy_meta":[],"_links":{"self":[{"href":"https:\/\/www.radiomais.ao\/index.php\/wp-json\/wp\/v2\/posts\/4321","targetHints":{"allow":["GET"]}}],"collection":[{"href":"https:\/\/www.radiomais.ao\/index.php\/wp-json\/wp\/v2\/posts"}],"about":[{"href":"https:\/\/www.radiomais.ao\/index.php\/wp-json\/wp\/v2\/types\/post"}],"author":[{"embeddable":true,"href":"https:\/\/www.radiomais.ao\/index.php\/wp-json\/wp\/v2\/users\/3"}],"replies":[{"embeddable":true,"href":"https:\/\/www.radiomais.ao\/index.php\/wp-json\/wp\/v2\/comments?post=4321"}],"version-history":[{"count":1,"href":"https:\/\/www.radiomais.ao\/index.php\/wp-json\/wp\/v2\/posts\/4321\/revisions"}],"predecessor-version":[{"id":4323,"href":"https:\/\/www.radiomais.ao\/index.php\/wp-json\/wp\/v2\/posts\/4321\/revisions\/4323"}],"wp:featuredmedia":[{"embeddable":true,"href":"https:\/\/www.radiomais.ao\/index.php\/wp-json\/wp\/v2\/media\/4322"}],"wp:attachment":[{"href":"https:\/\/www.radiomais.ao\/index.php\/wp-json\/wp\/v2\/media?parent=4321"}],"wp:term":[{"taxonomy":"category","embeddable":true,"href":"https:\/\/www.radiomais.ao\/index.php\/wp-json\/wp\/v2\/categories?post=4321"},{"taxonomy":"post_tag","embeddable":true,"href":"https:\/\/www.radiomais.ao\/index.php\/wp-json\/wp\/v2\/tags?post=4321"}],"curies":[{"name":"wp","href":"https:\/\/api.w.org\/{rel}","templated":true}]}}