{"id":4331,"date":"2026-01-22T14:51:36","date_gmt":"2026-01-22T13:51:36","guid":{"rendered":"https:\/\/www.radiomais.ao\/?p=4331"},"modified":"2026-01-22T14:51:36","modified_gmt":"2026-01-22T13:51:36","slug":"luzia-ingles-substitui-carolina-cerqueira-no-parlamento","status":"publish","type":"post","link":"https:\/\/www.radiomais.ao\/index.php\/2026\/01\/22\/luzia-ingles-substitui-carolina-cerqueira-no-parlamento\/","title":{"rendered":"Luzia Ingl\u00eas substitui Carolina Cerqueira no Parlamento."},"content":{"rendered":"\n<p>A nacionalista Luzia Ingl\u00eas tomou posse como deputada, nesta Quinta-feira, na Assembleia Nacional, em substitui\u00e7\u00e3o de Carolina Cerqueira, que suspendeu o seu mandato.<\/p>\n\n\n\n<p>A movimenta\u00e7\u00e3o de deputados foi aprovada sob forma de resolu\u00e7\u00e3o, com 188 votos a favor, nenhum contra e nenhuma absten\u00e7\u00e3o.<\/p>\n\n\n\n<p>Esta tomada de posse decorre ap\u00f3s a Comiss\u00e3o de Mandatos, \u00c9tica e Decoro Parlamentar (9.\u00aa CTE) ter aprovado a cessa\u00e7\u00e3o do mandato da deputada e antiga presidente da Casa das Leis.<\/p>\n\n\n\n<p>Luzia Pereira de Sousa Ingl\u00eas Van-D\u00fanem passa a integrar a Comiss\u00e3o de Fam\u00edlia, Inf\u00e2ncia e Ac\u00e7\u00e3o Social (8.\u00aa CTE) e o Grupo Nacional de Acompanhamento da Uni\u00e3o Interparlamentar.<\/p>\n","protected":false},"excerpt":{"rendered":"<p>A nacionalista Luzia Ingl\u00eas tomou posse como deputada, nesta Quinta-feira, na Assembleia Nacional, em substitui\u00e7\u00e3o de Carolina Cerqueira, que suspendeu o seu mandato. A movimenta\u00e7\u00e3o de deputados foi aprovada sob forma de resolu\u00e7\u00e3o, com 188 votos a favor, nenhum contra e nenhuma absten\u00e7\u00e3o. Esta tomada de posse decorre ap\u00f3s a Comiss\u00e3o de Mandatos, \u00c9tica e [&hellip;]<\/p>\n","protected":false},"author":3,"featured_media":4332,"comment_status":"open","ping_status":"open","sticky":false,"template":"","format":"standard","meta":{"footnotes":""},"categories":[16],"tags":[1785,1786],"class_list":["post-4331","post","type-post","status-publish","format-standard","has-post-thumbnail","hentry","category-actualidade","tag-luzia-ingles","tag-parlamento"],"blocksy_meta":[],"_links":{"self":[{"href":"https:\/\/www.radiomais.ao\/index.php\/wp-json\/wp\/v2\/posts\/4331","targetHints":{"allow":["GET"]}}],"collection":[{"href":"https:\/\/www.radiomais.ao\/index.php\/wp-json\/wp\/v2\/posts"}],"about":[{"href":"https:\/\/www.radiomais.ao\/index.php\/wp-json\/wp\/v2\/types\/post"}],"author":[{"embeddable":true,"href":"https:\/\/www.radiomais.ao\/index.php\/wp-json\/wp\/v2\/users\/3"}],"replies":[{"embeddable":true,"href":"https:\/\/www.radiomais.ao\/index.php\/wp-json\/wp\/v2\/comments?post=4331"}],"version-history":[{"count":1,"href":"https:\/\/www.radiomais.ao\/index.php\/wp-json\/wp\/v2\/posts\/4331\/revisions"}],"predecessor-version":[{"id":4333,"href":"https:\/\/www.radiomais.ao\/index.php\/wp-json\/wp\/v2\/posts\/4331\/revisions\/4333"}],"wp:featuredmedia":[{"embeddable":true,"href":"https:\/\/www.radiomais.ao\/index.php\/wp-json\/wp\/v2\/media\/4332"}],"wp:attachment":[{"href":"https:\/\/www.radiomais.ao\/index.php\/wp-json\/wp\/v2\/media?parent=4331"}],"wp:term":[{"taxonomy":"category","embeddable":true,"href":"https:\/\/www.radiomais.ao\/index.php\/wp-json\/wp\/v2\/categories?post=4331"},{"taxonomy":"post_tag","embeddable":true,"href":"https:\/\/www.radiomais.ao\/index.php\/wp-json\/wp\/v2\/tags?post=4331"}],"curies":[{"name":"wp","href":"https:\/\/api.w.org\/{rel}","templated":true}]}}