{"id":4334,"date":"2026-01-22T14:55:13","date_gmt":"2026-01-22T13:55:13","guid":{"rendered":"https:\/\/www.radiomais.ao\/?p=4334"},"modified":"2026-01-22T14:55:13","modified_gmt":"2026-01-22T13:55:13","slug":"assembleia-nacional-presta-tributo-a-memoria-de-fernando-da-piedade-dias-dos-santos","status":"publish","type":"post","link":"https:\/\/www.radiomais.ao\/index.php\/2026\/01\/22\/assembleia-nacional-presta-tributo-a-memoria-de-fernando-da-piedade-dias-dos-santos\/","title":{"rendered":"Assembleia Nacional presta tributo \u00e0 mem\u00f3ria de Fernando da Piedade Dias dos Santos."},"content":{"rendered":"\n<p>Assembleia Nacional rendeu, nesta Quinta-feira, no in\u00edcio da 6.\u00aa Reuni\u00e3o Plen\u00e1ria Ordin\u00e1ria da 4.\u00aa Sess\u00e3o Legislativa da V Legislatura, um minuto de sil\u00eancio em mem\u00f3ria do antigo presidente da Assembleia Nacional, Fernando da Piedade Dias dos Santos, falecido a 18 de Dezembro de 2025, aos 73 anos de idade.<\/p>\n\n\n\n<p>O legado do antigo l\u00edder do \u00f3rg\u00e3o legislativo angolano, entre 2008 e 2017, real\u00e7ado pela sua estatura pol\u00edtica, postura de di\u00e1logo e de procura permanente de consensos rendeu-lhe v\u00e1rias manifesta\u00e7\u00f5es de reconhecimento e homenagem dentro e fora do pa\u00eds.<\/p>\n","protected":false},"excerpt":{"rendered":"<p>Assembleia Nacional rendeu, nesta Quinta-feira, no in\u00edcio da 6.\u00aa Reuni\u00e3o Plen\u00e1ria Ordin\u00e1ria da 4.\u00aa Sess\u00e3o Legislativa da V Legislatura, um minuto de sil\u00eancio em mem\u00f3ria do antigo presidente da Assembleia Nacional, Fernando da Piedade Dias dos Santos, falecido a 18 de Dezembro de 2025, aos 73 anos de idade. O legado do antigo l\u00edder do [&hellip;]<\/p>\n","protected":false},"author":3,"featured_media":4335,"comment_status":"open","ping_status":"open","sticky":false,"template":"","format":"standard","meta":{"footnotes":""},"categories":[16],"tags":[242,1787],"class_list":["post-4334","post","type-post","status-publish","format-standard","has-post-thumbnail","hentry","category-actualidade","tag-assembleia","tag-homenagem-nando"],"blocksy_meta":[],"_links":{"self":[{"href":"https:\/\/www.radiomais.ao\/index.php\/wp-json\/wp\/v2\/posts\/4334","targetHints":{"allow":["GET"]}}],"collection":[{"href":"https:\/\/www.radiomais.ao\/index.php\/wp-json\/wp\/v2\/posts"}],"about":[{"href":"https:\/\/www.radiomais.ao\/index.php\/wp-json\/wp\/v2\/types\/post"}],"author":[{"embeddable":true,"href":"https:\/\/www.radiomais.ao\/index.php\/wp-json\/wp\/v2\/users\/3"}],"replies":[{"embeddable":true,"href":"https:\/\/www.radiomais.ao\/index.php\/wp-json\/wp\/v2\/comments?post=4334"}],"version-history":[{"count":1,"href":"https:\/\/www.radiomais.ao\/index.php\/wp-json\/wp\/v2\/posts\/4334\/revisions"}],"predecessor-version":[{"id":4336,"href":"https:\/\/www.radiomais.ao\/index.php\/wp-json\/wp\/v2\/posts\/4334\/revisions\/4336"}],"wp:featuredmedia":[{"embeddable":true,"href":"https:\/\/www.radiomais.ao\/index.php\/wp-json\/wp\/v2\/media\/4335"}],"wp:attachment":[{"href":"https:\/\/www.radiomais.ao\/index.php\/wp-json\/wp\/v2\/media?parent=4334"}],"wp:term":[{"taxonomy":"category","embeddable":true,"href":"https:\/\/www.radiomais.ao\/index.php\/wp-json\/wp\/v2\/categories?post=4334"},{"taxonomy":"post_tag","embeddable":true,"href":"https:\/\/www.radiomais.ao\/index.php\/wp-json\/wp\/v2\/tags?post=4334"}],"curies":[{"name":"wp","href":"https:\/\/api.w.org\/{rel}","templated":true}]}}