{"id":4337,"date":"2026-01-22T14:59:09","date_gmt":"2026-01-22T13:59:09","guid":{"rendered":"https:\/\/www.radiomais.ao\/?p=4337"},"modified":"2026-01-22T14:59:09","modified_gmt":"2026-01-22T13:59:09","slug":"carrinho-industria-projecta-angola-como-potencia-agricola-africana-ate-2030","status":"publish","type":"post","link":"https:\/\/www.radiomais.ao\/index.php\/2026\/01\/22\/carrinho-industria-projecta-angola-como-potencia-agricola-africana-ate-2030\/","title":{"rendered":"Carrinho Ind\u00fastria projecta Angola como pot\u00eancia agr\u00edcola africana at\u00e9 2030."},"content":{"rendered":"\n<p>A Carrinho Ind\u00fastria, bra\u00e7o industrial do Grupo Carrinho, actua no processamento, produ\u00e7\u00e3o e embalagem de alimentos essenciais, mantendo um modelo de gest\u00e3o familiar aliado a uma estrat\u00e9gia verticalmente integrada que controla toda a cadeia, da origem ao consumo final.<\/p>\n\n\n\n<p>m entrevista ao Business Focus, o CEO D\u00e9cio Catarro destacou os avan\u00e7os do grupo, a visita hist\u00f3rica do Presidente dos Estados Unidos, Joe Biden, em 2024, e a ambi\u00e7\u00e3o de construir a maior rede agr\u00edcola de \u00c1frica at\u00e9 2030.<\/p>\n\n\n\n<p>No centro das opera\u00e7\u00f5es est\u00e1 o Complexo Industrial Carrinho (CIC), composto por 17 f\u00e1bricas dedicadas \u00e0 moagem de gr\u00e3os, refino de a\u00e7\u00facar, produ\u00e7\u00e3o de massas, cereais, biscoitos, \u00f3leos alimentares, molhos e sab\u00e3o, tornando-se um dos maiores polos industriais do setor alimentar em Angola.<\/p>\n\n\n\n<p>Segundo D\u00e9cio Catarro, os \u00faltimos 12 meses foram marcados pela consolida\u00e7\u00e3o e moderniza\u00e7\u00e3o do CIC, com investimentos em equipamentos e processos.<\/p>\n\n\n\n<p>\u201cTorn\u00e1mo-nos um dos principais promotores da produ\u00e7\u00e3o local angolana\u201d, afirmou, destacando a import\u00e2ncia de operar em plena capacidade para atender o mercado nacional e regional. Ler mais em<strong><em><a href=\"https:\/\/www.opais.ao\/economia\/carrinho-industria-projecta-angola-como-potencia-agricola-africana-ate-2030\/\"> Opa\u00eds<\/a><\/em><\/strong><\/p>\n","protected":false},"excerpt":{"rendered":"<p>A Carrinho Ind\u00fastria, bra\u00e7o industrial do Grupo Carrinho, actua no processamento, produ\u00e7\u00e3o e embalagem de alimentos essenciais, mantendo um modelo de gest\u00e3o familiar aliado a uma estrat\u00e9gia verticalmente integrada que controla toda a cadeia, da origem ao consumo final. m entrevista ao Business Focus, o CEO D\u00e9cio Catarro destacou os avan\u00e7os do grupo, a visita [&hellip;]<\/p>\n","protected":false},"author":3,"featured_media":4338,"comment_status":"open","ping_status":"open","sticky":false,"template":"","format":"standard","meta":{"footnotes":""},"categories":[16],"tags":[75,1788,1789],"class_list":["post-4337","post","type-post","status-publish","format-standard","has-post-thumbnail","hentry","category-actualidade","tag-angola","tag-carrinho-industria","tag-potencia-agricola"],"blocksy_meta":[],"_links":{"self":[{"href":"https:\/\/www.radiomais.ao\/index.php\/wp-json\/wp\/v2\/posts\/4337","targetHints":{"allow":["GET"]}}],"collection":[{"href":"https:\/\/www.radiomais.ao\/index.php\/wp-json\/wp\/v2\/posts"}],"about":[{"href":"https:\/\/www.radiomais.ao\/index.php\/wp-json\/wp\/v2\/types\/post"}],"author":[{"embeddable":true,"href":"https:\/\/www.radiomais.ao\/index.php\/wp-json\/wp\/v2\/users\/3"}],"replies":[{"embeddable":true,"href":"https:\/\/www.radiomais.ao\/index.php\/wp-json\/wp\/v2\/comments?post=4337"}],"version-history":[{"count":1,"href":"https:\/\/www.radiomais.ao\/index.php\/wp-json\/wp\/v2\/posts\/4337\/revisions"}],"predecessor-version":[{"id":4339,"href":"https:\/\/www.radiomais.ao\/index.php\/wp-json\/wp\/v2\/posts\/4337\/revisions\/4339"}],"wp:featuredmedia":[{"embeddable":true,"href":"https:\/\/www.radiomais.ao\/index.php\/wp-json\/wp\/v2\/media\/4338"}],"wp:attachment":[{"href":"https:\/\/www.radiomais.ao\/index.php\/wp-json\/wp\/v2\/media?parent=4337"}],"wp:term":[{"taxonomy":"category","embeddable":true,"href":"https:\/\/www.radiomais.ao\/index.php\/wp-json\/wp\/v2\/categories?post=4337"},{"taxonomy":"post_tag","embeddable":true,"href":"https:\/\/www.radiomais.ao\/index.php\/wp-json\/wp\/v2\/tags?post=4337"}],"curies":[{"name":"wp","href":"https:\/\/api.w.org\/{rel}","templated":true}]}}