{"id":4340,"date":"2026-01-22T15:02:21","date_gmt":"2026-01-22T14:02:21","guid":{"rendered":"https:\/\/www.radiomais.ao\/?p=4340"},"modified":"2026-01-22T15:02:21","modified_gmt":"2026-01-22T14:02:21","slug":"sic-huila-detem-mulher-acusada-de-matar-a-sogra-por-asfixia-apos-briga","status":"publish","type":"post","link":"https:\/\/www.radiomais.ao\/index.php\/2026\/01\/22\/sic-huila-detem-mulher-acusada-de-matar-a-sogra-por-asfixia-apos-briga\/","title":{"rendered":"SIC Hu\u00edla det\u00e9m mulher acusada de matar a sogra por asfixia ap\u00f3s briga."},"content":{"rendered":"\n<p>O Servi\u00e7o de Investiga\u00e7\u00e3o Criminal (SIC) na prov\u00edncia da Hu\u00edla deteve uma cidad\u00e3 nacional de 53 anos de idade, suspeita de ter assassinado a pr\u00f3pria sogra, de 67 anos, por asfixia, na sequ\u00eancia de uma briga.<\/p>\n\n\n\n<p>De acordo com o SIC, o crime ocorreu no dia 14 de Dezembro de 2025, por volta das 23 horas, no bairro da Mapunda.<\/p>\n\n\n\n<p>As investiga\u00e7\u00f5es preliminares indicam que a trag\u00e9dia teve origem numa desaven\u00e7a relacionada com valores monet\u00e1rios n\u00e3o quantificados, pertencentes \u00e0 v\u00edtima, que alegadamente teriam sido furtados pela suspeita. A discuss\u00e3o entre ambas evoluiu para uma contenda f\u00edsica, culminando na morte da anci\u00e3 por asfixia.<\/p>\n\n\n\n<p>A suspeita encontra-se sob cust\u00f3dia das autoridades e ser\u00e1 presente ao Minist\u00e9rio P\u00fablico para os tr\u00e2mites legais subsequentes.<\/p>\n","protected":false},"excerpt":{"rendered":"<p>O Servi\u00e7o de Investiga\u00e7\u00e3o Criminal (SIC) na prov\u00edncia da Hu\u00edla deteve uma cidad\u00e3 nacional de 53 anos de idade, suspeita de ter assassinado a pr\u00f3pria sogra, de 67 anos, por asfixia, na sequ\u00eancia de uma briga. De acordo com o SIC, o crime ocorreu no dia 14 de Dezembro de 2025, por volta das 23 [&hellip;]<\/p>\n","protected":false},"author":3,"featured_media":4341,"comment_status":"open","ping_status":"open","sticky":false,"template":"","format":"standard","meta":{"footnotes":""},"categories":[16],"tags":[1158,1790],"class_list":["post-4340","post","type-post","status-publish","format-standard","has-post-thumbnail","hentry","category-actualidade","tag-huila-2","tag-mulher-acusada-de-matar-a-sogra"],"blocksy_meta":[],"_links":{"self":[{"href":"https:\/\/www.radiomais.ao\/index.php\/wp-json\/wp\/v2\/posts\/4340","targetHints":{"allow":["GET"]}}],"collection":[{"href":"https:\/\/www.radiomais.ao\/index.php\/wp-json\/wp\/v2\/posts"}],"about":[{"href":"https:\/\/www.radiomais.ao\/index.php\/wp-json\/wp\/v2\/types\/post"}],"author":[{"embeddable":true,"href":"https:\/\/www.radiomais.ao\/index.php\/wp-json\/wp\/v2\/users\/3"}],"replies":[{"embeddable":true,"href":"https:\/\/www.radiomais.ao\/index.php\/wp-json\/wp\/v2\/comments?post=4340"}],"version-history":[{"count":1,"href":"https:\/\/www.radiomais.ao\/index.php\/wp-json\/wp\/v2\/posts\/4340\/revisions"}],"predecessor-version":[{"id":4342,"href":"https:\/\/www.radiomais.ao\/index.php\/wp-json\/wp\/v2\/posts\/4340\/revisions\/4342"}],"wp:featuredmedia":[{"embeddable":true,"href":"https:\/\/www.radiomais.ao\/index.php\/wp-json\/wp\/v2\/media\/4341"}],"wp:attachment":[{"href":"https:\/\/www.radiomais.ao\/index.php\/wp-json\/wp\/v2\/media?parent=4340"}],"wp:term":[{"taxonomy":"category","embeddable":true,"href":"https:\/\/www.radiomais.ao\/index.php\/wp-json\/wp\/v2\/categories?post=4340"},{"taxonomy":"post_tag","embeddable":true,"href":"https:\/\/www.radiomais.ao\/index.php\/wp-json\/wp\/v2\/tags?post=4340"}],"curies":[{"name":"wp","href":"https:\/\/api.w.org\/{rel}","templated":true}]}}