{"id":4346,"date":"2026-01-23T10:57:56","date_gmt":"2026-01-23T09:57:56","guid":{"rendered":"https:\/\/www.radiomais.ao\/?p=4346"},"modified":"2026-01-23T11:00:44","modified_gmt":"2026-01-23T10:00:44","slug":"caso-isabel-dos-santos-pgr-a-espera-de-data-de-julgamento-para-discussao-da-causa","status":"publish","type":"post","link":"https:\/\/www.radiomais.ao\/index.php\/2026\/01\/23\/caso-isabel-dos-santos-pgr-a-espera-de-data-de-julgamento-para-discussao-da-causa\/","title":{"rendered":"Caso Isabel dos Santos: PGR \u00e0 espera de data de julgamento para discuss\u00e3o da causa."},"content":{"rendered":"\n<p><strong>O procurador-geral da Rep\u00fablica, H\u00e9lder Pita Gr\u00f3s, admitiu ontem, Quinta-feira, 22, ter j\u00e1 conclu\u00eddo o caso que envolve a empres\u00e1ria Isabel dos Santos, real\u00e7ando que, introduzido que est\u00e1 em ju\u00edzo, aguarda-se apenas que o Tribunal Supremo determine a data de julgamento da filha do antigo Presidente da Rep\u00fablica, Jos\u00e9 Eduardo dos Santos (de feliz mem\u00f3ria), acusada de sete crimes<\/strong>.<\/p>\n\n\n\n<p>Pita Gr\u00f3s afirmou, Quinta-feira, 22, que o caso da empres\u00e1ria Isabel dos Santos, filha do antigo Presidente da Rep\u00fablica, Jos\u00e9 Eduardo dos Santos, j\u00e1 est\u00e1 introduzido em tribunal, realizada que est\u00e1 a instru\u00e7\u00e3o contradit\u00f3ria. Depois de ter feito a parte que lhe competia, a PGR aguarda, agora, que o tribunal marque a data para se dar in\u00edcio ao julgamento.<\/p>\n\n\n\n<p>\u201cHouve alguns crimes que tinham sido propostos por n\u00f3s, mas que, na instru\u00e7\u00e3o contradit\u00f3ria, por fim, afastaram alguns crimes e continuam com alguns crimes\u201d, vincou o procurador, manifestando expectativa em rela\u00e7\u00e3o \u00e0 data que o tribunal pode vir a determinar.<\/p>\n\n\n\n<p>\u201cPara darmos in\u00edcio \u00e0 discuss\u00e3o da causa\u201d, assegura o magistrado. Saliente-se que um despacho do Tribunal Supremo, datado de Novembro de 2025, despronunciou a empres\u00e1ria de quatro dos onze crimes de que era acusada. O porta-voz do Tribunal Supremo, Leandro Lopes, tinha adiantado, em declara\u00e7\u00f5es \u00e0 R\u00e1dio Nacional de Angola, que Isabel passaria, face ao cen\u00e1rio, a responder pelos crimes de peculato, burla qualificada, participa\u00e7\u00e3o econ\u00f3 mica em neg\u00f3cios, tr\u00e1fico de influ\u00eancia, fraude fiscal qualificada e dois crimes de branqueamento de capitais.<\/p>\n","protected":false},"excerpt":{"rendered":"<p>O procurador-geral da Rep\u00fablica, H\u00e9lder Pita Gr\u00f3s, admitiu ontem, Quinta-feira, 22, ter j\u00e1 conclu\u00eddo o caso que envolve a empres\u00e1ria Isabel dos Santos, real\u00e7ando que, introduzido que est\u00e1 em ju\u00edzo, aguarda-se apenas que o Tribunal Supremo determine a data de julgamento da filha do antigo Presidente da Rep\u00fablica, Jos\u00e9 Eduardo dos Santos (de feliz mem\u00f3ria), [&hellip;]<\/p>\n","protected":false},"author":3,"featured_media":4347,"comment_status":"open","ping_status":"open","sticky":false,"template":"","format":"standard","meta":{"footnotes":""},"categories":[1],"tags":[22,1107,1109,232],"class_list":["post-4346","post","type-post","status-publish","format-standard","has-post-thumbnail","hentry","category-uncategorized","tag-destaque","tag-isabel-dos-santos","tag-julgamento","tag-pgr"],"blocksy_meta":[],"_links":{"self":[{"href":"https:\/\/www.radiomais.ao\/index.php\/wp-json\/wp\/v2\/posts\/4346","targetHints":{"allow":["GET"]}}],"collection":[{"href":"https:\/\/www.radiomais.ao\/index.php\/wp-json\/wp\/v2\/posts"}],"about":[{"href":"https:\/\/www.radiomais.ao\/index.php\/wp-json\/wp\/v2\/types\/post"}],"author":[{"embeddable":true,"href":"https:\/\/www.radiomais.ao\/index.php\/wp-json\/wp\/v2\/users\/3"}],"replies":[{"embeddable":true,"href":"https:\/\/www.radiomais.ao\/index.php\/wp-json\/wp\/v2\/comments?post=4346"}],"version-history":[{"count":1,"href":"https:\/\/www.radiomais.ao\/index.php\/wp-json\/wp\/v2\/posts\/4346\/revisions"}],"predecessor-version":[{"id":4348,"href":"https:\/\/www.radiomais.ao\/index.php\/wp-json\/wp\/v2\/posts\/4346\/revisions\/4348"}],"wp:featuredmedia":[{"embeddable":true,"href":"https:\/\/www.radiomais.ao\/index.php\/wp-json\/wp\/v2\/media\/4347"}],"wp:attachment":[{"href":"https:\/\/www.radiomais.ao\/index.php\/wp-json\/wp\/v2\/media?parent=4346"}],"wp:term":[{"taxonomy":"category","embeddable":true,"href":"https:\/\/www.radiomais.ao\/index.php\/wp-json\/wp\/v2\/categories?post=4346"},{"taxonomy":"post_tag","embeddable":true,"href":"https:\/\/www.radiomais.ao\/index.php\/wp-json\/wp\/v2\/tags?post=4346"}],"curies":[{"name":"wp","href":"https:\/\/api.w.org\/{rel}","templated":true}]}}