{"id":4350,"date":"2026-01-23T11:04:01","date_gmt":"2026-01-23T10:04:01","guid":{"rendered":"https:\/\/www.radiomais.ao\/?p=4350"},"modified":"2026-01-23T11:04:01","modified_gmt":"2026-01-23T10:04:01","slug":"estatuto-das-ong-e-passaporte-angolano-contam-com-nova-legislacao-aprovada-pela-assembleia-nacional","status":"publish","type":"post","link":"https:\/\/www.radiomais.ao\/index.php\/2026\/01\/23\/estatuto-das-ong-e-passaporte-angolano-contam-com-nova-legislacao-aprovada-pela-assembleia-nacional\/","title":{"rendered":"Estatuto das ONG e Passaporte angolano contam com nova legisla\u00e7\u00e3o aprovada pela Assembleia Nacional."},"content":{"rendered":"\n<p><strong>A Assembleia Nacional realizou, ontem, a sua 6.\u00aa Reuni\u00e3o Plen\u00e1ria Ordin\u00e1ria da 4.\u00aa Sess\u00e3o Legislativa da V Legislatura, na qual procedeu \u00e0 discuss\u00e3o e aprova\u00e7\u00e3o de v\u00e1rios diplomas legais, com destaque para a Proposta de Lei que altera a Lei n.\u00b0 22\/21, de 18 de Outubro \u2013 Lei do Passaporte Angolano e do Regime de Sa\u00edda e Entrada de Cidad\u00e3os Nacionais \u2013 e da Proposta de Lei que aprova o Estatuto das Organiza\u00e7\u00f5es N\u00e3o-Governamentais<\/strong>. <\/p>\n\n\n\n<p>A 6.\u00aa Reuni\u00e3o Plen\u00e1ria come\u00e7ou com a leitura das declara\u00e7\u00f5es pol\u00edticas trimestrais dos grupos e representa\u00e7\u00f5es parlamentares, em que cada entidade partid\u00e1ria exprimiu a sua vis\u00e3o relativamente aos principais acontecimentos e situa\u00e7\u00f5es vividas nos \u00faltimos tr\u00eas meses.<\/p>\n\n\n\n<p>Na sua declara\u00e7\u00e3o pol\u00edtica, o Grupo Parlamentar do MPLA, sendo o maiorit\u00e1rio no hemiciclo angolano, indignou-se e repudiou os crimes de viola\u00e7\u00e3o sexual contra menores que nos \u00faltimos tempos se t\u00eam registado um pouco por todo o pa\u00eds, apelando a maior rigor da lei na responsabiliza\u00e7\u00e3o dos seus autores.<\/p>\n\n\n\n<p>O Grupo Parlamentar do MPLA reafirmou o seu engajamento e apoio ao debate parlamentar, em torno do Pacote Legislativo Aut\u00e1rquico, no respeito pela converg\u00eancia pol\u00edtica, pelo di\u00e1logo institucional e pelo elevado sentido de Estado que alega que deve nortear os trabalhos na Casa das Leis.<\/p>\n","protected":false},"excerpt":{"rendered":"<p>A Assembleia Nacional realizou, ontem, a sua 6.\u00aa Reuni\u00e3o Plen\u00e1ria Ordin\u00e1ria da 4.\u00aa Sess\u00e3o Legislativa da V Legislatura, na qual procedeu \u00e0 discuss\u00e3o e aprova\u00e7\u00e3o de v\u00e1rios diplomas legais, com destaque para a Proposta de Lei que altera a Lei n.\u00b0 22\/21, de 18 de Outubro \u2013 Lei do Passaporte Angolano e do Regime de [&hellip;]<\/p>\n","protected":false},"author":3,"featured_media":4351,"comment_status":"open","ping_status":"open","sticky":false,"template":"","format":"standard","meta":{"footnotes":""},"categories":[16],"tags":[],"class_list":["post-4350","post","type-post","status-publish","format-standard","has-post-thumbnail","hentry","category-actualidade"],"blocksy_meta":[],"_links":{"self":[{"href":"https:\/\/www.radiomais.ao\/index.php\/wp-json\/wp\/v2\/posts\/4350","targetHints":{"allow":["GET"]}}],"collection":[{"href":"https:\/\/www.radiomais.ao\/index.php\/wp-json\/wp\/v2\/posts"}],"about":[{"href":"https:\/\/www.radiomais.ao\/index.php\/wp-json\/wp\/v2\/types\/post"}],"author":[{"embeddable":true,"href":"https:\/\/www.radiomais.ao\/index.php\/wp-json\/wp\/v2\/users\/3"}],"replies":[{"embeddable":true,"href":"https:\/\/www.radiomais.ao\/index.php\/wp-json\/wp\/v2\/comments?post=4350"}],"version-history":[{"count":1,"href":"https:\/\/www.radiomais.ao\/index.php\/wp-json\/wp\/v2\/posts\/4350\/revisions"}],"predecessor-version":[{"id":4352,"href":"https:\/\/www.radiomais.ao\/index.php\/wp-json\/wp\/v2\/posts\/4350\/revisions\/4352"}],"wp:featuredmedia":[{"embeddable":true,"href":"https:\/\/www.radiomais.ao\/index.php\/wp-json\/wp\/v2\/media\/4351"}],"wp:attachment":[{"href":"https:\/\/www.radiomais.ao\/index.php\/wp-json\/wp\/v2\/media?parent=4350"}],"wp:term":[{"taxonomy":"category","embeddable":true,"href":"https:\/\/www.radiomais.ao\/index.php\/wp-json\/wp\/v2\/categories?post=4350"},{"taxonomy":"post_tag","embeddable":true,"href":"https:\/\/www.radiomais.ao\/index.php\/wp-json\/wp\/v2\/tags?post=4350"}],"curies":[{"name":"wp","href":"https:\/\/api.w.org\/{rel}","templated":true}]}}