{"id":4370,"date":"2026-01-23T11:37:21","date_gmt":"2026-01-23T10:37:21","guid":{"rendered":"https:\/\/www.radiomais.ao\/?p=4370"},"modified":"2026-01-23T11:37:21","modified_gmt":"2026-01-23T10:37:21","slug":"homicida-tem-historico-de-assedio-e-violacao-contra-sobrinhas-da-mulher","status":"publish","type":"post","link":"https:\/\/www.radiomais.ao\/index.php\/2026\/01\/23\/homicida-tem-historico-de-assedio-e-violacao-contra-sobrinhas-da-mulher\/","title":{"rendered":"Homicida tem hist\u00f3rico de ass\u00e9dio e viola\u00e7\u00e3o contra sobrinhas da mulher."},"content":{"rendered":"\n<p><strong>De acordo com os familiares, o homicida de 62 anos, que atende pelo nome de Prazeres Jacinto, al\u00e9m de frio, tem hist\u00f3rico de ass\u00e9dio contra as sobrinhas que viviam com a malograda Benvinda Daniel, sendo que as que n\u00e3o cediam \u00e0s suas investidas eram retiradas de casa. A \u00faltima v\u00edtima, agora com 16 anos, come\u00e7ou a ser abusada com 12 anos de idade<\/strong>.<\/p>\n\n\n\n<p>No exterior da ca- sa do \u00f3bito, no bairro Mundial, o clima que paira no seio da fam\u00edlia, amigos e vizinhos de Benvinda Daniel \u00e9 pesado. Os parentes da mulher de 47 anos e das outras 4 v\u00edtimas mortais se deca\u00edam aos prantos pelo epis\u00f3dio tr\u00e1gico que ceifou a vida de quatro mulheres da mesma fam\u00edlia.<\/p>\n\n\n\n<p>Como quem invoca o ad\u00e1gio \u201chomem n\u00e3o chora\u201d, Gilberto Sapalo, com as palavras controladas e as l\u00e1grimas contidas, come\u00e7ou por destacar as qualidades que a prima, Benvinda Daniel, possu\u00eda enquanto viva. Segundo Gilberto, a malograda era um dos pilares da fam\u00edlia oriunda de Benguela, era tamb\u00e9m refer\u00eancia no bairro e na pra\u00e7a onde vendia materiais de constru\u00e7\u00e3o.<\/p>\n\n\n\n<p>\u201cNa nossa fam\u00edlia, ningu\u00e9m sa\u00eda de Benguela para Luanda e n\u00e3o passava pela casa da Benvinda\u201d, frisou. O gosto de acolher e a solidariedade, explicou, fizeram com que Benvinda Daniel tomasse alguns sobrinhos como filhos, sobretudo pelo facto de n\u00e3o ter tido filhos biol\u00f3gicos. \u201cAcrescentado a cultura que d\u00e1 aos tios a autonomia de pai ou de m\u00e3e. Por\u00e9m, esta a\u00e7\u00e3o de boa vontade custou-lhe a vida\u201d, lamentou Gilberto, primo da infeliz.<\/p>\n","protected":false},"excerpt":{"rendered":"<p>De acordo com os familiares, o homicida de 62 anos, que atende pelo nome de Prazeres Jacinto, al\u00e9m de frio, tem hist\u00f3rico de ass\u00e9dio contra as sobrinhas que viviam com a malograda Benvinda Daniel, sendo que as que n\u00e3o cediam \u00e0s suas investidas eram retiradas de casa. A \u00faltima v\u00edtima, agora com 16 anos, come\u00e7ou [&hellip;]<\/p>\n","protected":false},"author":3,"featured_media":4371,"comment_status":"open","ping_status":"open","sticky":false,"template":"","format":"standard","meta":{"footnotes":""},"categories":[16],"tags":[1749],"class_list":["post-4370","post","type-post","status-publish","format-standard","has-post-thumbnail","hentry","category-actualidade","tag-caso-dos-ramiros"],"blocksy_meta":[],"_links":{"self":[{"href":"https:\/\/www.radiomais.ao\/index.php\/wp-json\/wp\/v2\/posts\/4370","targetHints":{"allow":["GET"]}}],"collection":[{"href":"https:\/\/www.radiomais.ao\/index.php\/wp-json\/wp\/v2\/posts"}],"about":[{"href":"https:\/\/www.radiomais.ao\/index.php\/wp-json\/wp\/v2\/types\/post"}],"author":[{"embeddable":true,"href":"https:\/\/www.radiomais.ao\/index.php\/wp-json\/wp\/v2\/users\/3"}],"replies":[{"embeddable":true,"href":"https:\/\/www.radiomais.ao\/index.php\/wp-json\/wp\/v2\/comments?post=4370"}],"version-history":[{"count":1,"href":"https:\/\/www.radiomais.ao\/index.php\/wp-json\/wp\/v2\/posts\/4370\/revisions"}],"predecessor-version":[{"id":4372,"href":"https:\/\/www.radiomais.ao\/index.php\/wp-json\/wp\/v2\/posts\/4370\/revisions\/4372"}],"wp:featuredmedia":[{"embeddable":true,"href":"https:\/\/www.radiomais.ao\/index.php\/wp-json\/wp\/v2\/media\/4371"}],"wp:attachment":[{"href":"https:\/\/www.radiomais.ao\/index.php\/wp-json\/wp\/v2\/media?parent=4370"}],"wp:term":[{"taxonomy":"category","embeddable":true,"href":"https:\/\/www.radiomais.ao\/index.php\/wp-json\/wp\/v2\/categories?post=4370"},{"taxonomy":"post_tag","embeddable":true,"href":"https:\/\/www.radiomais.ao\/index.php\/wp-json\/wp\/v2\/tags?post=4370"}],"curies":[{"name":"wp","href":"https:\/\/api.w.org\/{rel}","templated":true}]}}