{"id":4377,"date":"2026-01-23T14:29:11","date_gmt":"2026-01-23T13:29:11","guid":{"rendered":"https:\/\/www.radiomais.ao\/?p=4377"},"modified":"2026-01-23T14:29:11","modified_gmt":"2026-01-23T13:29:11","slug":"paulo-miranda-junior-ha-dois-edificios-que-eu-nao-entrarei-por-livre-e-espontanea-vontade-na-cidade","status":"publish","type":"post","link":"https:\/\/www.radiomais.ao\/index.php\/2026\/01\/23\/paulo-miranda-junior-ha-dois-edificios-que-eu-nao-entrarei-por-livre-e-espontanea-vontade-na-cidade\/","title":{"rendered":"Paulo Miranda J\u00fanior: \u201cH\u00e1 dois edif\u00edcios que eu n\u00e3o entrarei por livre e espont\u00e2nea vontade na cidade\u201d"},"content":{"rendered":"\n<p><strong>A equipa de reportagem do jornal OPA\u00cdS dirigiu-se \u00e0 R\u00e1dio Marginal, na Vila Alice, para, em sede das comemora\u00e7\u00f5es dos 450 anos da funda\u00e7\u00e3o da cidade de Luanda, falar com Paulo Miranda J\u00fanior, um dos jornalistas que mais conhece o centro e a periferia da capital angolana, tudo por conta da profiss\u00e3o que exerce h\u00e1 mais de duas d\u00e9cadas. Numa entrevista descontra\u00edda, o ent\u00e3o profissional da R\u00e1dio Luanda, para quem o conhece naquele seu gesto divertido, reiterou que a hist\u00f3ria imaterial e material, incluindo os edif\u00edcios antigos da cidade, devem ser preservados para n\u00e3o se apagar, a fim de as pr\u00f3ximas gera\u00e7\u00f5es entenderem a vida e a alma daqueles que por ela passaram. Paulo Miranda Miranda J\u00fanior, actualmente director da R\u00e1dio Marginal, ao longo da sua carreira, fez muitos amigos em quase todos os bairros de Luanda, por\u00e9m a sua mem\u00f3ria fotogr\u00e1fica sempre contribuiu para o sucesso do seu trabalho<\/strong>. Ler mais em <strong><em><a href=\"https:\/\/www.opais.ao\/entrevista\/paulo-miranda-junior-ha-dois-edificios-que-eu-nao-entrarei-por-livre-e-espontanea-vontade-na-cidade\/\">O pa\u00eds<\/a><\/em><\/strong><\/p>\n","protected":false},"excerpt":{"rendered":"<p>A equipa de reportagem do jornal OPA\u00cdS dirigiu-se \u00e0 R\u00e1dio Marginal, na Vila Alice, para, em sede das comemora\u00e7\u00f5es dos 450 anos da funda\u00e7\u00e3o da cidade de Luanda, falar com Paulo Miranda J\u00fanior, um dos jornalistas que mais conhece o centro e a periferia da capital angolana, tudo por conta da profiss\u00e3o que exerce h\u00e1 [&hellip;]<\/p>\n","protected":false},"author":3,"featured_media":4378,"comment_status":"open","ping_status":"open","sticky":false,"template":"","format":"standard","meta":{"footnotes":""},"categories":[16],"tags":[1831],"class_list":["post-4377","post","type-post","status-publish","format-standard","has-post-thumbnail","hentry","category-actualidade","tag-paulo-miranda"],"blocksy_meta":[],"_links":{"self":[{"href":"https:\/\/www.radiomais.ao\/index.php\/wp-json\/wp\/v2\/posts\/4377","targetHints":{"allow":["GET"]}}],"collection":[{"href":"https:\/\/www.radiomais.ao\/index.php\/wp-json\/wp\/v2\/posts"}],"about":[{"href":"https:\/\/www.radiomais.ao\/index.php\/wp-json\/wp\/v2\/types\/post"}],"author":[{"embeddable":true,"href":"https:\/\/www.radiomais.ao\/index.php\/wp-json\/wp\/v2\/users\/3"}],"replies":[{"embeddable":true,"href":"https:\/\/www.radiomais.ao\/index.php\/wp-json\/wp\/v2\/comments?post=4377"}],"version-history":[{"count":1,"href":"https:\/\/www.radiomais.ao\/index.php\/wp-json\/wp\/v2\/posts\/4377\/revisions"}],"predecessor-version":[{"id":4379,"href":"https:\/\/www.radiomais.ao\/index.php\/wp-json\/wp\/v2\/posts\/4377\/revisions\/4379"}],"wp:featuredmedia":[{"embeddable":true,"href":"https:\/\/www.radiomais.ao\/index.php\/wp-json\/wp\/v2\/media\/4378"}],"wp:attachment":[{"href":"https:\/\/www.radiomais.ao\/index.php\/wp-json\/wp\/v2\/media?parent=4377"}],"wp:term":[{"taxonomy":"category","embeddable":true,"href":"https:\/\/www.radiomais.ao\/index.php\/wp-json\/wp\/v2\/categories?post=4377"},{"taxonomy":"post_tag","embeddable":true,"href":"https:\/\/www.radiomais.ao\/index.php\/wp-json\/wp\/v2\/tags?post=4377"}],"curies":[{"name":"wp","href":"https:\/\/api.w.org\/{rel}","templated":true}]}}