{"id":4380,"date":"2026-01-23T14:34:44","date_gmt":"2026-01-23T13:34:44","guid":{"rendered":"https:\/\/www.radiomais.ao\/?p=4380"},"modified":"2026-01-23T14:34:44","modified_gmt":"2026-01-23T13:34:44","slug":"detida-em-luanda-cidada-acusada-de-sequestro-da-filha-da-sua-empregada-na-namibia","status":"publish","type":"post","link":"https:\/\/www.radiomais.ao\/index.php\/2026\/01\/23\/detida-em-luanda-cidada-acusada-de-sequestro-da-filha-da-sua-empregada-na-namibia\/","title":{"rendered":"Detida em Luanda cidad\u00e3 acusada de sequestro da filha da sua empregada na Nam\u00edbia."},"content":{"rendered":"\n<p>Cristina Amaro Leit\u00e3o, cidad\u00e3 nacional, de 35 anos de idade, foi detida recentemente pelo Servi\u00e7o de Investiga\u00e7\u00e3o Criminal, no bairro Cassenda, em Luanda, por factos constitutivos do crime de rapto de uma menor de 9 meses das m\u00e3os da sua m\u00e3e, na prov\u00edncia de Oshikango, na Rep\u00fablica da Nam\u00edbia.<\/p>\n\n\n\n<p>Os factos, de acordo com o porta-voz do SIC, superintendente-chefe de investiga\u00e7\u00e3o Manuel Halaiwa, ocorreram no dia 15 de Outubro de 2025, numa ac\u00e7\u00e3o que alegadamente ter\u00e1 sido premeditada pela suposta raptora.<\/p>\n\n\n\n<p>Segundo o respons\u00e1vel, a acusada ter\u00e1 simulado prestar ajuda \u00e0 m\u00e3e da crian\u00e7a, que na \u00e9poca funcionava como sua empregada dom\u00e9stica quando ela vivia na cidade de Ondjiva, no Cunene. A suspeita ter\u00e1 dito \u00e0 progenitora da menor que a crian\u00e7a supostamente padecia de anemia falciforme, por ser filha de pai asi\u00e1tico, usando a doen\u00e7a de pretexto para lev\u00e1-la \u00e0 Nam\u00edbia, a fim de custear as despesas com os exames m\u00e9dicos.<\/p>\n\n\n\n<p>Posto no pa\u00eds fronteiri\u00e7o com a prov\u00edncia do Cunene, e depois de realizados os exames, a autora, que, segundo o superintendente, j\u00e1 tinha feito constar o seu nome como m\u00e3e nos documentos m\u00e9dicos da menor, ter\u00e1 colocado coca\u00edna na pasta da m\u00e3e da crian\u00e7a, e de seguida alertou \u00e0 pol\u00edcia daquele pa\u00eds vizinho.<\/p>\n\n\n\n<p>Ap\u00f3s a deten\u00e7\u00e3o da m\u00e3e da menor, acusada de posse il\u00edcita de drogas, que at\u00e9 ao momento encontra-se detida na cadeia de Oshikango, na Nam\u00edbia, a suposta sequestradora levou a menor para Luanda, no munic\u00edpio da Maianga, no bairro em que foi detida pelo SIC. Ler mais em<strong><em><a href=\"https:\/\/www.opais.ao\/ultimas_hora\/detida-em-luanda-cidada-acusada-de-sequestro-da-filha-da-sua-empregada-na-namibia\/\"> Opa\u00eds<\/a><\/em><\/strong><\/p>\n","protected":false},"excerpt":{"rendered":"<p>Cristina Amaro Leit\u00e3o, cidad\u00e3 nacional, de 35 anos de idade, foi detida recentemente pelo Servi\u00e7o de Investiga\u00e7\u00e3o Criminal, no bairro Cassenda, em Luanda, por factos constitutivos do crime de rapto de uma menor de 9 meses das m\u00e3os da sua m\u00e3e, na prov\u00edncia de Oshikango, na Rep\u00fablica da Nam\u00edbia. Os factos, de acordo com o [&hellip;]<\/p>\n","protected":false},"author":3,"featured_media":4381,"comment_status":"open","ping_status":"open","sticky":false,"template":"","format":"standard","meta":{"footnotes":""},"categories":[16],"tags":[822,1833,1832],"class_list":["post-4380","post","type-post","status-publish","format-standard","has-post-thumbnail","hentry","category-actualidade","tag-crianca","tag-namibia","tag-sequestro"],"blocksy_meta":[],"_links":{"self":[{"href":"https:\/\/www.radiomais.ao\/index.php\/wp-json\/wp\/v2\/posts\/4380","targetHints":{"allow":["GET"]}}],"collection":[{"href":"https:\/\/www.radiomais.ao\/index.php\/wp-json\/wp\/v2\/posts"}],"about":[{"href":"https:\/\/www.radiomais.ao\/index.php\/wp-json\/wp\/v2\/types\/post"}],"author":[{"embeddable":true,"href":"https:\/\/www.radiomais.ao\/index.php\/wp-json\/wp\/v2\/users\/3"}],"replies":[{"embeddable":true,"href":"https:\/\/www.radiomais.ao\/index.php\/wp-json\/wp\/v2\/comments?post=4380"}],"version-history":[{"count":1,"href":"https:\/\/www.radiomais.ao\/index.php\/wp-json\/wp\/v2\/posts\/4380\/revisions"}],"predecessor-version":[{"id":4382,"href":"https:\/\/www.radiomais.ao\/index.php\/wp-json\/wp\/v2\/posts\/4380\/revisions\/4382"}],"wp:featuredmedia":[{"embeddable":true,"href":"https:\/\/www.radiomais.ao\/index.php\/wp-json\/wp\/v2\/media\/4381"}],"wp:attachment":[{"href":"https:\/\/www.radiomais.ao\/index.php\/wp-json\/wp\/v2\/media?parent=4380"}],"wp:term":[{"taxonomy":"category","embeddable":true,"href":"https:\/\/www.radiomais.ao\/index.php\/wp-json\/wp\/v2\/categories?post=4380"},{"taxonomy":"post_tag","embeddable":true,"href":"https:\/\/www.radiomais.ao\/index.php\/wp-json\/wp\/v2\/tags?post=4380"}],"curies":[{"name":"wp","href":"https:\/\/api.w.org\/{rel}","templated":true}]}}