{"id":4386,"date":"2026-01-23T14:41:47","date_gmt":"2026-01-23T13:41:47","guid":{"rendered":"https:\/\/www.radiomais.ao\/?p=4386"},"modified":"2026-01-23T14:41:47","modified_gmt":"2026-01-23T13:41:47","slug":"batucadas-do-carnaval-nas-agremiacoes-agitam-luanda-e-atraem-municipes","status":"publish","type":"post","link":"https:\/\/www.radiomais.ao\/index.php\/2026\/01\/23\/batucadas-do-carnaval-nas-agremiacoes-agitam-luanda-e-atraem-municipes\/","title":{"rendered":"Batucadas do Carnaval nas agremia\u00e7\u00f5es agitam Luanda e atraem mun\u00edcipes"},"content":{"rendered":"\n<p><strong>A pouco mais de um m\u00eas do in\u00edcio do grande desfile competitivo da edi\u00e7\u00e3o 2026 do Carnaval de Luanda, agremia\u00e7\u00f5es distintas desdobram-se aos ensaios num ambiente fren\u00e9tico, marcado por coreografias diversas, can\u00e7\u00f5es in\u00e9ditas e outros aspectos, onde a t\u00f3nica dominante \u00e9 a luta pelo t\u00edtulo<\/strong><\/p>\n\n\n\n<p>Para as agremia\u00e7\u00f5es que ocupam os lugares cimeiros, a inten\u00e7\u00e3o \u00e9 se manter, enquanto outras fazem da \u201ctripa cora\u00e7\u00e3o\u201d para a sua ascens\u00e3o. Com a inten\u00e7\u00e3o de medir a pulsa\u00e7\u00e3o desses grupos e constatar o n\u00edvel de prepara\u00e7\u00e3o, a nossa equipa de reportagem realizou uma ronda em algumas sedes, das v\u00e1rias espalhadas por Luanda.<\/p>\n\n\n\n<p>Come\u00e7amos na sede do grupo carnavalesco Uni\u00e3o Mundo da Ilha, munic\u00edpio da Ingombota, detentor do maior n\u00famero de t\u00edtulos, onde abordamos Etienne Francisco, membro do referido gr\u00e9mio. Visivelmente satisfeito e cheio de vigor para os ensaios e posterior competi\u00e7\u00e3o, na Nova Marginal de Luanda, o interlocutor destacou a elevada moral do grupo com o foco na sua prepara\u00e7\u00e3o total para a presente edi\u00e7\u00e3o do Entrudo, com o objectivo de superar o segundo lugar do ano passado, n\u00e3o obstante enfrentar o desafio log\u00edstico de coordenar centenas de integrantes enquanto finaliza o ciclo de ensaios. Ler mais em<strong><em><a href=\"https:\/\/www.opais.ao\/cultura\/batucadas-do-carnaval-nas-agremiacoes-agitam-luanda-e-atraem-municipes\/\"> Opa\u00eds<\/a><\/em><\/strong><\/p>\n","protected":false},"excerpt":{"rendered":"<p>A pouco mais de um m\u00eas do in\u00edcio do grande desfile competitivo da edi\u00e7\u00e3o 2026 do Carnaval de Luanda, agremia\u00e7\u00f5es distintas desdobram-se aos ensaios num ambiente fren\u00e9tico, marcado por coreografias diversas, can\u00e7\u00f5es in\u00e9ditas e outros aspectos, onde a t\u00f3nica dominante \u00e9 a luta pelo t\u00edtulo Para as agremia\u00e7\u00f5es que ocupam os lugares cimeiros, a inten\u00e7\u00e3o [&hellip;]<\/p>\n","protected":false},"author":3,"featured_media":4387,"comment_status":"open","ping_status":"open","sticky":false,"template":"","format":"standard","meta":{"footnotes":""},"categories":[16],"tags":[1835,154],"class_list":["post-4386","post","type-post","status-publish","format-standard","has-post-thumbnail","hentry","category-actualidade","tag-batucadas","tag-carnaval"],"blocksy_meta":[],"_links":{"self":[{"href":"https:\/\/www.radiomais.ao\/index.php\/wp-json\/wp\/v2\/posts\/4386","targetHints":{"allow":["GET"]}}],"collection":[{"href":"https:\/\/www.radiomais.ao\/index.php\/wp-json\/wp\/v2\/posts"}],"about":[{"href":"https:\/\/www.radiomais.ao\/index.php\/wp-json\/wp\/v2\/types\/post"}],"author":[{"embeddable":true,"href":"https:\/\/www.radiomais.ao\/index.php\/wp-json\/wp\/v2\/users\/3"}],"replies":[{"embeddable":true,"href":"https:\/\/www.radiomais.ao\/index.php\/wp-json\/wp\/v2\/comments?post=4386"}],"version-history":[{"count":1,"href":"https:\/\/www.radiomais.ao\/index.php\/wp-json\/wp\/v2\/posts\/4386\/revisions"}],"predecessor-version":[{"id":4388,"href":"https:\/\/www.radiomais.ao\/index.php\/wp-json\/wp\/v2\/posts\/4386\/revisions\/4388"}],"wp:featuredmedia":[{"embeddable":true,"href":"https:\/\/www.radiomais.ao\/index.php\/wp-json\/wp\/v2\/media\/4387"}],"wp:attachment":[{"href":"https:\/\/www.radiomais.ao\/index.php\/wp-json\/wp\/v2\/media?parent=4386"}],"wp:term":[{"taxonomy":"category","embeddable":true,"href":"https:\/\/www.radiomais.ao\/index.php\/wp-json\/wp\/v2\/categories?post=4386"},{"taxonomy":"post_tag","embeddable":true,"href":"https:\/\/www.radiomais.ao\/index.php\/wp-json\/wp\/v2\/tags?post=4386"}],"curies":[{"name":"wp","href":"https:\/\/api.w.org\/{rel}","templated":true}]}}