{"id":4390,"date":"2026-01-26T08:37:05","date_gmt":"2026-01-26T07:37:05","guid":{"rendered":"https:\/\/www.radiomais.ao\/?p=4390"},"modified":"2026-01-26T08:37:05","modified_gmt":"2026-01-26T07:37:05","slug":"pgr-garante-intensificar-cooperacao-internacional-para-recuperar-activos-do-estado-desviados","status":"publish","type":"post","link":"https:\/\/www.radiomais.ao\/index.php\/2026\/01\/26\/pgr-garante-intensificar-cooperacao-internacional-para-recuperar-activos-do-estado-desviados\/","title":{"rendered":"PGR garante intensificar \u201ccoopera\u00e7\u00e3o internacional\u201d para recuperar activos do Estado desviados."},"content":{"rendered":"\n<p><strong>O procurador-geral da Rep\u00fablica admitiu, recentemente, na cidade do Huambo, quando procedia ao encerramento do XXIX Conselho Consultivo do seu sector, intensifica\u00e7\u00e3o de coopera\u00e7\u00e3o internacional por parte daquele \u00f3rg\u00e3o do Minist\u00e9rio P\u00fablico tendente \u00e0 recupera\u00e7\u00e3o de activos do Estado desviados e\/ou mantidos fora do pa\u00eds \u00e0 margem dos marcos da lei<\/strong><\/p>\n\n\n\n<p>Para al\u00e9m de H\u00e9lder Pita Gr\u00f3s ter feito esta promessa, os conselheiros fizeram-na constar em um comunicado, produzido pelo en contro, que, durante dois dias, olhou para os avan\u00e7os e recuos da PGR, para al\u00e9m de, igualmente, se ter referido a falhas cometidas, atropelo \u00e0 \u00e9tica entre os que mais se evidenciaram.<\/p>\n\n\n\n<p>O procurador-geral da Rep\u00fablica admite a exist\u00eancia de muitos activos do Estado Angolano espalhados pelo mundo por se recuperar. D\u00ea sorte que, em fun\u00e7\u00e3o disso, tenha prometido intensificar a coopera\u00e7\u00e3o internacional por parte daquele \u00f3rg\u00e3o do Minist\u00e9rio P\u00fablico tendente \u00e0 recupera\u00e7\u00e3o de activos do Estado desviados e\/ou mantidos fora do pa\u00eds de forma ilegal, \u00e0 luz das normas internas de Angola. <\/p>\n","protected":false},"excerpt":{"rendered":"<p>O procurador-geral da Rep\u00fablica admitiu, recentemente, na cidade do Huambo, quando procedia ao encerramento do XXIX Conselho Consultivo do seu sector, intensifica\u00e7\u00e3o de coopera\u00e7\u00e3o internacional por parte daquele \u00f3rg\u00e3o do Minist\u00e9rio P\u00fablico tendente \u00e0 recupera\u00e7\u00e3o de activos do Estado desviados e\/ou mantidos fora do pa\u00eds \u00e0 margem dos marcos da lei Para al\u00e9m de H\u00e9lder [&hellip;]<\/p>\n","protected":false},"author":3,"featured_media":4391,"comment_status":"open","ping_status":"open","sticky":false,"template":"","format":"standard","meta":{"footnotes":""},"categories":[1],"tags":[22,1836],"class_list":["post-4390","post","type-post","status-publish","format-standard","has-post-thumbnail","hentry","category-uncategorized","tag-destaque","tag-pgr-cooperacao-internacional"],"blocksy_meta":[],"_links":{"self":[{"href":"https:\/\/www.radiomais.ao\/index.php\/wp-json\/wp\/v2\/posts\/4390","targetHints":{"allow":["GET"]}}],"collection":[{"href":"https:\/\/www.radiomais.ao\/index.php\/wp-json\/wp\/v2\/posts"}],"about":[{"href":"https:\/\/www.radiomais.ao\/index.php\/wp-json\/wp\/v2\/types\/post"}],"author":[{"embeddable":true,"href":"https:\/\/www.radiomais.ao\/index.php\/wp-json\/wp\/v2\/users\/3"}],"replies":[{"embeddable":true,"href":"https:\/\/www.radiomais.ao\/index.php\/wp-json\/wp\/v2\/comments?post=4390"}],"version-history":[{"count":1,"href":"https:\/\/www.radiomais.ao\/index.php\/wp-json\/wp\/v2\/posts\/4390\/revisions"}],"predecessor-version":[{"id":4392,"href":"https:\/\/www.radiomais.ao\/index.php\/wp-json\/wp\/v2\/posts\/4390\/revisions\/4392"}],"wp:featuredmedia":[{"embeddable":true,"href":"https:\/\/www.radiomais.ao\/index.php\/wp-json\/wp\/v2\/media\/4391"}],"wp:attachment":[{"href":"https:\/\/www.radiomais.ao\/index.php\/wp-json\/wp\/v2\/media?parent=4390"}],"wp:term":[{"taxonomy":"category","embeddable":true,"href":"https:\/\/www.radiomais.ao\/index.php\/wp-json\/wp\/v2\/categories?post=4390"},{"taxonomy":"post_tag","embeddable":true,"href":"https:\/\/www.radiomais.ao\/index.php\/wp-json\/wp\/v2\/tags?post=4390"}],"curies":[{"name":"wp","href":"https:\/\/api.w.org\/{rel}","templated":true}]}}