{"id":4393,"date":"2026-01-26T08:40:57","date_gmt":"2026-01-26T07:40:57","guid":{"rendered":"https:\/\/www.radiomais.ao\/?p=4393"},"modified":"2026-01-26T08:40:57","modified_gmt":"2026-01-26T07:40:57","slug":"proposta-de-lei-introduz-conselho-nacional-de-ciberseguranca-como-orgao-de-consulta-do-titular-do-poder-executivo","status":"publish","type":"post","link":"https:\/\/www.radiomais.ao\/index.php\/2026\/01\/26\/proposta-de-lei-introduz-conselho-nacional-de-ciberseguranca-como-orgao-de-consulta-do-titular-do-poder-executivo\/","title":{"rendered":"Proposta de lei introduz Conselho Nacional de Ciberseguran\u00e7a como \u00f3rg\u00e3o de consulta do Titular do Poder Executivo."},"content":{"rendered":"\n<p><strong>Diferente da legisla\u00e7\u00e3o em vigor, que n\u00e3o estabelece um mecanismo claro para monitorar o cumprimento das medidas nela previstas e aplicar as penalidades em caso de n\u00e3o conformidade dos operadores das redes e sis- temas inform\u00e1ticos, a nova proposta de lei imp\u00f5e o cumprimento rigoroso de determinados requisitos de seguran\u00e7a e ainda a obriga\u00e7\u00e3o de notifica\u00e7\u00e3o de determinados incidentes com impacto relevante nas redes e sistemas de informa\u00e7\u00e3o das entidades da Administra\u00e7\u00e3o P\u00fablica, dos operadores de infra-estruturas cr\u00edticas e de servi\u00e7os essenciais, bem como dos prestadores de servi\u00e7os digitais<\/strong><\/p>\n\n\n\n<p>O espa\u00e7o cibern\u00e9tico angolano vai contar com uma nova legisla\u00e7\u00e3o. Os deputados discutiram e aprovaram, na generalidade, a nova Proposta de Lei da Ciberseguran\u00e7a. O diploma de iniciativa legislativa do Executivo foi aprovado na 6.\u00aa Reuni\u00e3o Plen\u00e1ria Ordin\u00e1ria da Assembleia Nacional, com 105 votos a favor, um voto contra e 75 absten\u00e7\u00f5es.<\/p>\n\n\n\n<p>No seu relat\u00f3rio de fundamenta\u00e7\u00e3o, o proponente alega que a Lei de Protec\u00e7\u00e3o de Redes e Sistemas Inform\u00e1ticos carece de algumas melhorias face \u00e0 din\u00e2mica que o actual contexto nacional e internacional da ciberseguran\u00e7a imp\u00f5e.<\/p>\n\n\n\n<p>Esta necessidade de actualiza\u00e7\u00e3o decorre do facto de este diploma vigente apresentar debilidades no que \u00e0 preven\u00e7\u00e3o e combate eficiente da cibercriminalidade diz respeito, tais como o facto de n\u00e3o estabelecer um mecanismo claro para monitorar o cumprimento das medidas nele previstas e aplicar as penalidades em caso de n\u00e3o conformidade dos operadores das redes e sistemas inform\u00e1ticos, entre outras.<\/p>\n","protected":false},"excerpt":{"rendered":"<p>Diferente da legisla\u00e7\u00e3o em vigor, que n\u00e3o estabelece um mecanismo claro para monitorar o cumprimento das medidas nela previstas e aplicar as penalidades em caso de n\u00e3o conformidade dos operadores das redes e sis- temas inform\u00e1ticos, a nova proposta de lei imp\u00f5e o cumprimento rigoroso de determinados requisitos de seguran\u00e7a e ainda a obriga\u00e7\u00e3o de [&hellip;]<\/p>\n","protected":false},"author":3,"featured_media":4394,"comment_status":"open","ping_status":"open","sticky":false,"template":"","format":"standard","meta":{"footnotes":""},"categories":[16],"tags":[1838,1837],"class_list":["post-4393","post","type-post","status-publish","format-standard","has-post-thumbnail","hentry","category-actualidade","tag-ciberseguranca","tag-proposta-de-lei"],"blocksy_meta":[],"_links":{"self":[{"href":"https:\/\/www.radiomais.ao\/index.php\/wp-json\/wp\/v2\/posts\/4393","targetHints":{"allow":["GET"]}}],"collection":[{"href":"https:\/\/www.radiomais.ao\/index.php\/wp-json\/wp\/v2\/posts"}],"about":[{"href":"https:\/\/www.radiomais.ao\/index.php\/wp-json\/wp\/v2\/types\/post"}],"author":[{"embeddable":true,"href":"https:\/\/www.radiomais.ao\/index.php\/wp-json\/wp\/v2\/users\/3"}],"replies":[{"embeddable":true,"href":"https:\/\/www.radiomais.ao\/index.php\/wp-json\/wp\/v2\/comments?post=4393"}],"version-history":[{"count":1,"href":"https:\/\/www.radiomais.ao\/index.php\/wp-json\/wp\/v2\/posts\/4393\/revisions"}],"predecessor-version":[{"id":4395,"href":"https:\/\/www.radiomais.ao\/index.php\/wp-json\/wp\/v2\/posts\/4393\/revisions\/4395"}],"wp:featuredmedia":[{"embeddable":true,"href":"https:\/\/www.radiomais.ao\/index.php\/wp-json\/wp\/v2\/media\/4394"}],"wp:attachment":[{"href":"https:\/\/www.radiomais.ao\/index.php\/wp-json\/wp\/v2\/media?parent=4393"}],"wp:term":[{"taxonomy":"category","embeddable":true,"href":"https:\/\/www.radiomais.ao\/index.php\/wp-json\/wp\/v2\/categories?post=4393"},{"taxonomy":"post_tag","embeddable":true,"href":"https:\/\/www.radiomais.ao\/index.php\/wp-json\/wp\/v2\/tags?post=4393"}],"curies":[{"name":"wp","href":"https:\/\/api.w.org\/{rel}","templated":true}]}}