{"id":4396,"date":"2026-01-26T08:46:40","date_gmt":"2026-01-26T07:46:40","guid":{"rendered":"https:\/\/www.radiomais.ao\/?p=4396"},"modified":"2026-01-26T08:46:40","modified_gmt":"2026-01-26T07:46:40","slug":"angola-e-brasil-promovem-intercambio-judicial-e-academico-entre-tribunais-superiores","status":"publish","type":"post","link":"https:\/\/www.radiomais.ao\/index.php\/2026\/01\/26\/angola-e-brasil-promovem-intercambio-judicial-e-academico-entre-tribunais-superiores\/","title":{"rendered":"Angola e Brasil promovem interc\u00e2mbio judicial e acad\u00e9mico entre tribunais superiores."},"content":{"rendered":"\n<p><strong>Os ju\u00edzes do Tribunal Supremo de Angola e do Superior Tribunal de Justi\u00e7a da Rep\u00fablica Federativa do Brasil v\u00e3o trabalhar, a partir de hoje at\u00e9 ao dia 30 do corrente m\u00eas, em Luanda, para refor\u00e7ar a coopera\u00e7\u00e3o institucional e acad\u00e9mica entre os dois pa\u00edses, no dom\u00ednio da justi\u00e7a<\/strong>.<\/p>\n\n\n\n<p>A visita da delega\u00e7\u00e3o brasileira, encabe\u00e7ada pelo presidente do Superior Tribunal de Justi\u00e7a da Rep\u00fablica Federativa do Brasil, Ant\u00f3nio Herman de Vasconcellos e Benjamin, visa tamb\u00e9m promover o interc\u00e2mbio de experi\u00eancias no \u00e2mbito da jurisdi\u00e7\u00e3o superior e da forma\u00e7\u00e3o de magistrados.<\/p>\n\n\n\n<p>A jornada laboral do presidente do Superior Tribunal de Justi\u00e7a da Rep\u00fablica Federativa do Brasil, Ant\u00f3nio Herman de Vasconcellos e Benjamin, ao nosso pa\u00eds come\u00e7ar\u00e1 com uma visita de trabalho ao Tribunal da Rela\u00e7\u00e3o de Luanda, acompanhado pelo seu hom\u00f3logo Norberto Sodr\u00e9 Jo\u00e3o, onde vai se inteirar sobre o funcionamento dessa institui\u00e7\u00e3o, os desafios e perspectivas.<\/p>\n\n\n\n<p>De seguida, deslocar-se-\u00e1 \u00e0 sede do Conselho Superior da Magistratura Judicial, onde vai manter um encontro de cortesia com os membros deste \u00f3rg\u00e3o, do qual fazem parte dez magistrados judiciais, cinco juristas indicados pela Assembleia Nacional e tr\u00eas designados pelo Presidente da Rep\u00fablica.<\/p>\n","protected":false},"excerpt":{"rendered":"<p>Os ju\u00edzes do Tribunal Supremo de Angola e do Superior Tribunal de Justi\u00e7a da Rep\u00fablica Federativa do Brasil v\u00e3o trabalhar, a partir de hoje at\u00e9 ao dia 30 do corrente m\u00eas, em Luanda, para refor\u00e7ar a coopera\u00e7\u00e3o institucional e acad\u00e9mica entre os dois pa\u00edses, no dom\u00ednio da justi\u00e7a. A visita da delega\u00e7\u00e3o brasileira, encabe\u00e7ada pelo [&hellip;]<\/p>\n","protected":false},"author":3,"featured_media":4397,"comment_status":"open","ping_status":"open","sticky":false,"template":"","format":"standard","meta":{"footnotes":""},"categories":[16],"tags":[75,576,1839],"class_list":["post-4396","post","type-post","status-publish","format-standard","has-post-thumbnail","hentry","category-actualidade","tag-angola","tag-brasil","tag-intercambio-judicial"],"blocksy_meta":[],"_links":{"self":[{"href":"https:\/\/www.radiomais.ao\/index.php\/wp-json\/wp\/v2\/posts\/4396","targetHints":{"allow":["GET"]}}],"collection":[{"href":"https:\/\/www.radiomais.ao\/index.php\/wp-json\/wp\/v2\/posts"}],"about":[{"href":"https:\/\/www.radiomais.ao\/index.php\/wp-json\/wp\/v2\/types\/post"}],"author":[{"embeddable":true,"href":"https:\/\/www.radiomais.ao\/index.php\/wp-json\/wp\/v2\/users\/3"}],"replies":[{"embeddable":true,"href":"https:\/\/www.radiomais.ao\/index.php\/wp-json\/wp\/v2\/comments?post=4396"}],"version-history":[{"count":1,"href":"https:\/\/www.radiomais.ao\/index.php\/wp-json\/wp\/v2\/posts\/4396\/revisions"}],"predecessor-version":[{"id":4398,"href":"https:\/\/www.radiomais.ao\/index.php\/wp-json\/wp\/v2\/posts\/4396\/revisions\/4398"}],"wp:featuredmedia":[{"embeddable":true,"href":"https:\/\/www.radiomais.ao\/index.php\/wp-json\/wp\/v2\/media\/4397"}],"wp:attachment":[{"href":"https:\/\/www.radiomais.ao\/index.php\/wp-json\/wp\/v2\/media?parent=4396"}],"wp:term":[{"taxonomy":"category","embeddable":true,"href":"https:\/\/www.radiomais.ao\/index.php\/wp-json\/wp\/v2\/categories?post=4396"},{"taxonomy":"post_tag","embeddable":true,"href":"https:\/\/www.radiomais.ao\/index.php\/wp-json\/wp\/v2\/tags?post=4396"}],"curies":[{"name":"wp","href":"https:\/\/api.w.org\/{rel}","templated":true}]}}