{"id":4399,"date":"2026-01-26T08:50:54","date_gmt":"2026-01-26T07:50:54","guid":{"rendered":"https:\/\/www.radiomais.ao\/?p=4399"},"modified":"2026-01-26T08:50:54","modified_gmt":"2026-01-26T07:50:54","slug":"presidente-da-republica-trabalha-em-catete-para-avaliar-infra-estruturas-e-servicos-do-icolo-e-bengo","status":"publish","type":"post","link":"https:\/\/www.radiomais.ao\/index.php\/2026\/01\/26\/presidente-da-republica-trabalha-em-catete-para-avaliar-infra-estruturas-e-servicos-do-icolo-e-bengo\/","title":{"rendered":"Presidente da Rep\u00fablica trabalha em Catete para avaliar infra-estruturas e servi\u00e7os do Icolo e Bengo."},"content":{"rendered":"\n<p>O Presidente da Rep\u00fablica, Jo\u00e3o Louren\u00e7o, cumpre, nesta Segunda-feira, 26 de Janeiro, uma jornada de trabalho no munic\u00edpio de Catete, com o objectivo de radiografar as principais infra-estruturas e servi\u00e7os p\u00fablicos desta circunscri\u00e7\u00e3o, que recentemente ganhou autonomia pol\u00edtica-administrativa com a eleva\u00e7\u00e3o do Icolo e Bengo \u00e0 categoria de prov\u00edncia.<\/p>\n\n\n\n<p>A visita presidencial visa constatar de forma directa o estado das principais obras e equipamentos sociais, bem como aferir o n\u00edvel de operacionaliza\u00e7\u00e3o dos servi\u00e7os b\u00e1sicos \u00e0 popula\u00e7\u00e3o, numa altura em que Catete afirma-se como polo estrat\u00e9gico de desenvolvimento regional, gra\u00e7as \u00e0 sua proximidade geogr\u00e1fica com Luanda e ao seu potencial econ\u00f3mico e hist\u00f3rico.<\/p>\n\n\n\n<p>Catete, at\u00e9 recentemente uma comuna do munic\u00edpio de Icolo e Bengo, tornou-se em munic\u00edpio independente com a nova divis\u00e3o pol\u00edtico-administrativa de 2024, publicada em Di\u00e1rio da Rep\u00fablica, que criou tr\u00eas novas prov\u00edncias no pa\u00eds, incluindo Icolo e Bengo.<\/p>\n","protected":false},"excerpt":{"rendered":"<p>O Presidente da Rep\u00fablica, Jo\u00e3o Louren\u00e7o, cumpre, nesta Segunda-feira, 26 de Janeiro, uma jornada de trabalho no munic\u00edpio de Catete, com o objectivo de radiografar as principais infra-estruturas e servi\u00e7os p\u00fablicos desta circunscri\u00e7\u00e3o, que recentemente ganhou autonomia pol\u00edtica-administrativa com a eleva\u00e7\u00e3o do Icolo e Bengo \u00e0 categoria de prov\u00edncia. A visita presidencial visa constatar de [&hellip;]<\/p>\n","protected":false},"author":3,"featured_media":4400,"comment_status":"open","ping_status":"open","sticky":false,"template":"","format":"standard","meta":{"footnotes":""},"categories":[16],"tags":[1840,872,115],"class_list":["post-4399","post","type-post","status-publish","format-standard","has-post-thumbnail","hentry","category-actualidade","tag-catete","tag-infra-estruturas","tag-presidente-da-republica"],"blocksy_meta":[],"_links":{"self":[{"href":"https:\/\/www.radiomais.ao\/index.php\/wp-json\/wp\/v2\/posts\/4399","targetHints":{"allow":["GET"]}}],"collection":[{"href":"https:\/\/www.radiomais.ao\/index.php\/wp-json\/wp\/v2\/posts"}],"about":[{"href":"https:\/\/www.radiomais.ao\/index.php\/wp-json\/wp\/v2\/types\/post"}],"author":[{"embeddable":true,"href":"https:\/\/www.radiomais.ao\/index.php\/wp-json\/wp\/v2\/users\/3"}],"replies":[{"embeddable":true,"href":"https:\/\/www.radiomais.ao\/index.php\/wp-json\/wp\/v2\/comments?post=4399"}],"version-history":[{"count":1,"href":"https:\/\/www.radiomais.ao\/index.php\/wp-json\/wp\/v2\/posts\/4399\/revisions"}],"predecessor-version":[{"id":4401,"href":"https:\/\/www.radiomais.ao\/index.php\/wp-json\/wp\/v2\/posts\/4399\/revisions\/4401"}],"wp:featuredmedia":[{"embeddable":true,"href":"https:\/\/www.radiomais.ao\/index.php\/wp-json\/wp\/v2\/media\/4400"}],"wp:attachment":[{"href":"https:\/\/www.radiomais.ao\/index.php\/wp-json\/wp\/v2\/media?parent=4399"}],"wp:term":[{"taxonomy":"category","embeddable":true,"href":"https:\/\/www.radiomais.ao\/index.php\/wp-json\/wp\/v2\/categories?post=4399"},{"taxonomy":"post_tag","embeddable":true,"href":"https:\/\/www.radiomais.ao\/index.php\/wp-json\/wp\/v2\/tags?post=4399"}],"curies":[{"name":"wp","href":"https:\/\/api.w.org\/{rel}","templated":true}]}}