{"id":4402,"date":"2026-01-26T08:55:19","date_gmt":"2026-01-26T07:55:19","guid":{"rendered":"https:\/\/www.radiomais.ao\/?p=4402"},"modified":"2026-01-26T08:55:19","modified_gmt":"2026-01-26T07:55:19","slug":"isencao-do-irt-para-salarios-de-ate-150-mil-kwanzas-corrige-distorcao-entre-os-salarios-nominais-e-o-custo-real-da-vida","status":"publish","type":"post","link":"https:\/\/www.radiomais.ao\/index.php\/2026\/01\/26\/isencao-do-irt-para-salarios-de-ate-150-mil-kwanzas-corrige-distorcao-entre-os-salarios-nominais-e-o-custo-real-da-vida\/","title":{"rendered":"Isen\u00e7\u00e3o do IRT para sal\u00e1rios de at\u00e9 150 mil kwanzas corrige distor\u00e7\u00e3o entre os sal\u00e1rios nominais e o custo real da vida."},"content":{"rendered":"\n<p><strong>A opini\u00e3o \u00e9 do economista Paulo Forquilha, que entende que o facto de tratar-se de uma transfer\u00eancia directa do valor do Estado para o cidad\u00e3o, sem os custos de intermedia\u00e7\u00e3o e inefici\u00eancias t\u00edpicas do subs\u00eddio, em termos psicol\u00f3gicos, a medida vai reduzir a press\u00e3o permanente sobre o or\u00e7amento dom\u00e9stico<\/strong>.<\/p>\n\n\n\n<p>Paulo Forquilha esclarece que a isen\u00e7\u00e3o do Imposto sobre o Rendimento de Trabalho vai corrigir uma distor\u00e7\u00e3o monet\u00e1ria criada pelo desfasamento entre os sal\u00e1rios nominais e o custo real da vida, tendo em conta os n\u00edveis de infla\u00e7\u00e3o e a desvaloriza\u00e7\u00e3o da moeda.<\/p>\n\n\n\n<p>A nova tabela de Imposto sobre o Rendimento do Trabalho (IRT) passa a isentar sal\u00e1rios de at\u00e9 150 mil kwanzas, representando um al\u00edvio fiscal para muitas fam\u00edlias em Angola. At\u00e9 ao final do ano passado, a isen\u00e7\u00e3o de pagamento do IRT era fixada at\u00e9 100 mil kwanzas, tendo sido elevado o n\u00edvel para 150 mil kwanzas, no Or\u00e7amento Geral do Estado (OGE) de 2026. Ler mais em <strong><em><a href=\"https:\/\/www.opais.ao\/economia\/isencao-do-irt-para-salarios-de-ate-150-mil-kwanzas-corrige-distorcao-entre-os-salarios-nominais-e-o-custo-real-da-vida\/\">Opa\u00eds<\/a><\/em><\/strong><\/p>\n","protected":false},"excerpt":{"rendered":"<p>A opini\u00e3o \u00e9 do economista Paulo Forquilha, que entende que o facto de tratar-se de uma transfer\u00eancia directa do valor do Estado para o cidad\u00e3o, sem os custos de intermedia\u00e7\u00e3o e inefici\u00eancias t\u00edpicas do subs\u00eddio, em termos psicol\u00f3gicos, a medida vai reduzir a press\u00e3o permanente sobre o or\u00e7amento dom\u00e9stico. Paulo Forquilha esclarece que a isen\u00e7\u00e3o [&hellip;]<\/p>\n","protected":false},"author":3,"featured_media":4403,"comment_status":"open","ping_status":"open","sticky":false,"template":"","format":"standard","meta":{"footnotes":""},"categories":[16],"tags":[1841],"class_list":["post-4402","post","type-post","status-publish","format-standard","has-post-thumbnail","hentry","category-actualidade","tag-isencao-do-irt"],"blocksy_meta":[],"_links":{"self":[{"href":"https:\/\/www.radiomais.ao\/index.php\/wp-json\/wp\/v2\/posts\/4402","targetHints":{"allow":["GET"]}}],"collection":[{"href":"https:\/\/www.radiomais.ao\/index.php\/wp-json\/wp\/v2\/posts"}],"about":[{"href":"https:\/\/www.radiomais.ao\/index.php\/wp-json\/wp\/v2\/types\/post"}],"author":[{"embeddable":true,"href":"https:\/\/www.radiomais.ao\/index.php\/wp-json\/wp\/v2\/users\/3"}],"replies":[{"embeddable":true,"href":"https:\/\/www.radiomais.ao\/index.php\/wp-json\/wp\/v2\/comments?post=4402"}],"version-history":[{"count":1,"href":"https:\/\/www.radiomais.ao\/index.php\/wp-json\/wp\/v2\/posts\/4402\/revisions"}],"predecessor-version":[{"id":4404,"href":"https:\/\/www.radiomais.ao\/index.php\/wp-json\/wp\/v2\/posts\/4402\/revisions\/4404"}],"wp:featuredmedia":[{"embeddable":true,"href":"https:\/\/www.radiomais.ao\/index.php\/wp-json\/wp\/v2\/media\/4403"}],"wp:attachment":[{"href":"https:\/\/www.radiomais.ao\/index.php\/wp-json\/wp\/v2\/media?parent=4402"}],"wp:term":[{"taxonomy":"category","embeddable":true,"href":"https:\/\/www.radiomais.ao\/index.php\/wp-json\/wp\/v2\/categories?post=4402"},{"taxonomy":"post_tag","embeddable":true,"href":"https:\/\/www.radiomais.ao\/index.php\/wp-json\/wp\/v2\/tags?post=4402"}],"curies":[{"name":"wp","href":"https:\/\/api.w.org\/{rel}","templated":true}]}}