{"id":4408,"date":"2026-01-26T09:02:14","date_gmt":"2026-01-26T08:02:14","guid":{"rendered":"https:\/\/www.radiomais.ao\/?p=4408"},"modified":"2026-01-26T09:02:14","modified_gmt":"2026-01-26T08:02:14","slug":"executivo-quer-mais-visibilidade-da-producao-nacional","status":"publish","type":"post","link":"https:\/\/www.radiomais.ao\/index.php\/2026\/01\/26\/executivo-quer-mais-visibilidade-da-producao-nacional\/","title":{"rendered":"Executivo quer mais visibilidade da produ\u00e7\u00e3o nacional."},"content":{"rendered":"\n<p><strong>O ministro da Ind\u00fastria e Com\u00e9rcio, Rui Migu\u00eans, afirmou que a diversifica\u00e7\u00e3o da economia em Angola est\u00e1 acontecer, de Cabinda ao Cunene, do pequeno ao grande operador econ\u00f3mico, com destaque para agricultura e pecu\u00e1ria. Mas \u201cfalta mais divulga\u00e7\u00e3o\u201d<\/strong>.<\/p>\n\n\n\n<p>O Minist\u00e9rio da Ind\u00fastria e Com\u00e9rcio quer dar mais visibilidade \u00e0s empresas nacionais, atrav\u00e9s do projecto \u201cProduz Angola\u201d, lan\u00e7ado no \u00faltimo fim-de-semana, tendo disponibilizado, via Fundo de Apoio ao Desenvolvimento Agr\u00e1rio (FADA), um cr\u00e9dito global de mais de 2 mil milh\u00f5es de kwanzas para empresas de diversos sectores de modo a diversificar a economia.<\/p>\n\n\n\n<p>Numa primeira fase, foram benefici\u00e1rias seis empresas das prov\u00edncias de Luanda, Namibe, Huambo, Icolo e Bengo, no \u00e2mbito do projecto \u201cTransforma aqui\u201d. O objectivo do projecto \u201cTransforma aqui\u201d \u00e9 transformar os produtos onde s\u00e3o produzidos localmente. Para tal, s\u00e3o eleg\u00edveis empresas com mais de um ano de actividade e legais, no \u00e2mbito do Programa de Apoio \u00e0 Produ\u00e7\u00e3o, Diversifica\u00e7\u00e3o e Exporta\u00e7\u00e3o (PRODESI), que visa o aumento da produ\u00e7\u00e3o nacional.<\/p>\n","protected":false},"excerpt":{"rendered":"<p>O ministro da Ind\u00fastria e Com\u00e9rcio, Rui Migu\u00eans, afirmou que a diversifica\u00e7\u00e3o da economia em Angola est\u00e1 acontecer, de Cabinda ao Cunene, do pequeno ao grande operador econ\u00f3mico, com destaque para agricultura e pecu\u00e1ria. Mas \u201cfalta mais divulga\u00e7\u00e3o\u201d. O Minist\u00e9rio da Ind\u00fastria e Com\u00e9rcio quer dar mais visibilidade \u00e0s empresas nacionais, atrav\u00e9s do projecto \u201cProduz [&hellip;]<\/p>\n","protected":false},"author":3,"featured_media":4409,"comment_status":"open","ping_status":"open","sticky":false,"template":"","format":"standard","meta":{"footnotes":""},"categories":[16],"tags":[199,1843],"class_list":["post-4408","post","type-post","status-publish","format-standard","has-post-thumbnail","hentry","category-actualidade","tag-executivo","tag-producao-nacional"],"blocksy_meta":[],"_links":{"self":[{"href":"https:\/\/www.radiomais.ao\/index.php\/wp-json\/wp\/v2\/posts\/4408","targetHints":{"allow":["GET"]}}],"collection":[{"href":"https:\/\/www.radiomais.ao\/index.php\/wp-json\/wp\/v2\/posts"}],"about":[{"href":"https:\/\/www.radiomais.ao\/index.php\/wp-json\/wp\/v2\/types\/post"}],"author":[{"embeddable":true,"href":"https:\/\/www.radiomais.ao\/index.php\/wp-json\/wp\/v2\/users\/3"}],"replies":[{"embeddable":true,"href":"https:\/\/www.radiomais.ao\/index.php\/wp-json\/wp\/v2\/comments?post=4408"}],"version-history":[{"count":1,"href":"https:\/\/www.radiomais.ao\/index.php\/wp-json\/wp\/v2\/posts\/4408\/revisions"}],"predecessor-version":[{"id":4410,"href":"https:\/\/www.radiomais.ao\/index.php\/wp-json\/wp\/v2\/posts\/4408\/revisions\/4410"}],"wp:featuredmedia":[{"embeddable":true,"href":"https:\/\/www.radiomais.ao\/index.php\/wp-json\/wp\/v2\/media\/4409"}],"wp:attachment":[{"href":"https:\/\/www.radiomais.ao\/index.php\/wp-json\/wp\/v2\/media?parent=4408"}],"wp:term":[{"taxonomy":"category","embeddable":true,"href":"https:\/\/www.radiomais.ao\/index.php\/wp-json\/wp\/v2\/categories?post=4408"},{"taxonomy":"post_tag","embeddable":true,"href":"https:\/\/www.radiomais.ao\/index.php\/wp-json\/wp\/v2\/tags?post=4408"}],"curies":[{"name":"wp","href":"https:\/\/api.w.org\/{rel}","templated":true}]}}