{"id":4411,"date":"2026-01-26T09:50:18","date_gmt":"2026-01-26T08:50:18","guid":{"rendered":"https:\/\/www.radiomais.ao\/?p=4411"},"modified":"2026-01-26T09:50:18","modified_gmt":"2026-01-26T08:50:18","slug":"maptss-reune-hoje-com-ministerio-da-justica-e-sindicato-dos-trabalhadores-do-sector","status":"publish","type":"post","link":"https:\/\/www.radiomais.ao\/index.php\/2026\/01\/26\/maptss-reune-hoje-com-ministerio-da-justica-e-sindicato-dos-trabalhadores-do-sector\/","title":{"rendered":"MAPTSS re\u00fane hoje com Minist\u00e9rio da Justi\u00e7a e Sindicato dos Trabalhadores do sector."},"content":{"rendered":"\n<p>O Minist\u00e9rio da Administra\u00e7\u00e3o P\u00fablica, Trabalho e Seguran\u00e7a Social (MAPTSS) re\u00fane-se hoje, \u00e0s 9h00, na sua sede, com o Minist\u00e9rio da Justi\u00e7a e dos Direitos Humanos e o Sindicato dos Trabalhadores da Justi\u00e7a (SOJA), no \u00e2mbito da continuidade do processo negocial entre as partes.<\/p>\n\n\n\n<p>O encontro d\u00e1 seguimento \u00e0 primeira reuni\u00e3o realizada na \u00faltima quarta-feira, que foi presidida pela ministra da Administra\u00e7\u00e3o P\u00fablica, Trabalho e Seguran\u00e7a Social, Teresa Rodrigues Dias, em conjunto com o ministro da Justi\u00e7a e dos Direitos Humanos, Marcy Lopes.<\/p>\n\n\n\n<p>Na ocasi\u00e3o, o SOJA apresentou os principais pontos do seu Caderno Reivindicativo, tendo ficado acordado que as negocia\u00e7\u00f5es devem prosseguir at\u00e9 \u00e0 obten\u00e7\u00e3o de um entendimento que evite novos constrangimentos no sector. Ler mais em <strong><em>Opa\u00eds<\/em><\/strong><\/p>\n","protected":false},"excerpt":{"rendered":"<p>O Minist\u00e9rio da Administra\u00e7\u00e3o P\u00fablica, Trabalho e Seguran\u00e7a Social (MAPTSS) re\u00fane-se hoje, \u00e0s 9h00, na sua sede, com o Minist\u00e9rio da Justi\u00e7a e dos Direitos Humanos e o Sindicato dos Trabalhadores da Justi\u00e7a (SOJA), no \u00e2mbito da continuidade do processo negocial entre as partes. O encontro d\u00e1 seguimento \u00e0 primeira reuni\u00e3o realizada na \u00faltima quarta-feira, [&hellip;]<\/p>\n","protected":false},"author":3,"featured_media":4412,"comment_status":"open","ping_status":"open","sticky":false,"template":"","format":"standard","meta":{"footnotes":""},"categories":[16],"tags":[1845,1844],"class_list":["post-4411","post","type-post","status-publish","format-standard","has-post-thumbnail","hentry","category-actualidade","tag-ministerio-da-justica","tag-mptss"],"blocksy_meta":[],"_links":{"self":[{"href":"https:\/\/www.radiomais.ao\/index.php\/wp-json\/wp\/v2\/posts\/4411","targetHints":{"allow":["GET"]}}],"collection":[{"href":"https:\/\/www.radiomais.ao\/index.php\/wp-json\/wp\/v2\/posts"}],"about":[{"href":"https:\/\/www.radiomais.ao\/index.php\/wp-json\/wp\/v2\/types\/post"}],"author":[{"embeddable":true,"href":"https:\/\/www.radiomais.ao\/index.php\/wp-json\/wp\/v2\/users\/3"}],"replies":[{"embeddable":true,"href":"https:\/\/www.radiomais.ao\/index.php\/wp-json\/wp\/v2\/comments?post=4411"}],"version-history":[{"count":1,"href":"https:\/\/www.radiomais.ao\/index.php\/wp-json\/wp\/v2\/posts\/4411\/revisions"}],"predecessor-version":[{"id":4413,"href":"https:\/\/www.radiomais.ao\/index.php\/wp-json\/wp\/v2\/posts\/4411\/revisions\/4413"}],"wp:featuredmedia":[{"embeddable":true,"href":"https:\/\/www.radiomais.ao\/index.php\/wp-json\/wp\/v2\/media\/4412"}],"wp:attachment":[{"href":"https:\/\/www.radiomais.ao\/index.php\/wp-json\/wp\/v2\/media?parent=4411"}],"wp:term":[{"taxonomy":"category","embeddable":true,"href":"https:\/\/www.radiomais.ao\/index.php\/wp-json\/wp\/v2\/categories?post=4411"},{"taxonomy":"post_tag","embeddable":true,"href":"https:\/\/www.radiomais.ao\/index.php\/wp-json\/wp\/v2\/tags?post=4411"}],"curies":[{"name":"wp","href":"https:\/\/api.w.org\/{rel}","templated":true}]}}