{"id":4420,"date":"2026-01-26T10:47:44","date_gmt":"2026-01-26T09:47:44","guid":{"rendered":"https:\/\/www.radiomais.ao\/?p=4420"},"modified":"2026-01-26T10:47:44","modified_gmt":"2026-01-26T09:47:44","slug":"os-municipios-de-luanda-vao-beneficiar-de-obras-de-reabilitacao","status":"publish","type":"post","link":"https:\/\/www.radiomais.ao\/index.php\/2026\/01\/26\/os-municipios-de-luanda-vao-beneficiar-de-obras-de-reabilitacao\/","title":{"rendered":"Os munic\u00edpios de Luanda v\u00e3o beneficiar de obras de reabilita\u00e7\u00e3o."},"content":{"rendered":"\n<p>Al\u00e9m da implanta\u00e7\u00e3o de novas escolas e projetos habitacionais.<\/p>\n\n\n\n<p>A garantia foi dada pelo governador provincial de Luanda, que falava em ocasi\u00e3o dos 450 anos que a capital celebra hoje , desde a sua funda\u00e7\u00e3o, em 1576.<\/p>\n\n\n<div \n    class=\"align wp-block-scb-sound-cloud\"    id=\"scbSoundCloud-1\"\n    data-attributes='{&quot;cId&quot;:&quot;70b840e8-8&quot;,&quot;tracks&quot;:[{&quot;url&quot;:&quot;https:\\\/\\\/soundcloud.com\\\/radio-mais-luanda\\\/os-municipios-de-luanda-vao-beneficiar-de-obras-de-reabilitacao?si=e151280c821c46adbd7f58713f509c61&amp;utm_source=clipboard&amp;utm_medium=text&amp;utm_campaign=social_sharing&quot;,&quot;startTrack&quot;:0}],&quot;alignment&quot;:&quot;center&quot;,&quot;align&quot;:&quot;&quot;,&quot;options&quot;:{&quot;isAutoPlay&quot;:true,&quot;color&quot;:&quot;#f50&quot;,&quot;isBuying&quot;:true,&quot;isSharing&quot;:true,&quot;isDownload&quot;:true,&quot;isArtWork&quot;:true,&quot;isPlayCount&quot;:true,&quot;isUser&quot;:true,&quot;isSingleActive&quot;:true,&quot;isComments&quot;:true,&quot;isVisual&quot;:false,&quot;isTeaser&quot;:false,&quot;isHideRelated&quot;:false},&quot;iframeStyle&quot;:{&quot;width&quot;:&quot;100%&quot;,&quot;height&quot;:&quot;170px&quot;},&quot;frameBorder&quot;:{&quot;color&quot;:&quot;#000&quot;,&quot;style&quot;:&quot;solid&quot;,&quot;width&quot;:&quot;1px&quot;},&quot;frameBRadius&quot;:{&quot;top&quot;:&quot;3px&quot;,&quot;bottom&quot;:&quot;3px&quot;,&quot;left&quot;:&quot;3px&quot;,&quot;right&quot;:&quot;3px&quot;},&quot;frameBoxShadow&quot;:[]}'>\n<\/div>\n\n \n      \n\n\n<p>Lu\u00eds Nunes avan\u00e7ou que o munic\u00edpio dos Mulenvos carece de uma especial aten\u00e7\u00e3o durante este per\u00edodo de requalifica\u00e7\u00e3o.<\/p>\n","protected":false},"excerpt":{"rendered":"<p>Al\u00e9m da implanta\u00e7\u00e3o de novas escolas e projetos habitacionais. A garantia foi dada pelo governador provincial de Luanda, que falava em ocasi\u00e3o dos 450 anos que a capital celebra hoje , desde a sua funda\u00e7\u00e3o, em 1576. Lu\u00eds Nunes avan\u00e7ou que o munic\u00edpio dos Mulenvos carece de uma especial aten\u00e7\u00e3o durante este per\u00edodo de requalifica\u00e7\u00e3o.<\/p>\n","protected":false},"author":3,"featured_media":4421,"comment_status":"open","ping_status":"open","sticky":false,"template":"","format":"standard","meta":{"footnotes":""},"categories":[16],"tags":[1848,1849],"class_list":["post-4420","post","type-post","status-publish","format-standard","has-post-thumbnail","hentry","category-actualidade","tag-municipios-de-luanda","tag-reabilitados"],"blocksy_meta":[],"_links":{"self":[{"href":"https:\/\/www.radiomais.ao\/index.php\/wp-json\/wp\/v2\/posts\/4420","targetHints":{"allow":["GET"]}}],"collection":[{"href":"https:\/\/www.radiomais.ao\/index.php\/wp-json\/wp\/v2\/posts"}],"about":[{"href":"https:\/\/www.radiomais.ao\/index.php\/wp-json\/wp\/v2\/types\/post"}],"author":[{"embeddable":true,"href":"https:\/\/www.radiomais.ao\/index.php\/wp-json\/wp\/v2\/users\/3"}],"replies":[{"embeddable":true,"href":"https:\/\/www.radiomais.ao\/index.php\/wp-json\/wp\/v2\/comments?post=4420"}],"version-history":[{"count":1,"href":"https:\/\/www.radiomais.ao\/index.php\/wp-json\/wp\/v2\/posts\/4420\/revisions"}],"predecessor-version":[{"id":4422,"href":"https:\/\/www.radiomais.ao\/index.php\/wp-json\/wp\/v2\/posts\/4420\/revisions\/4422"}],"wp:featuredmedia":[{"embeddable":true,"href":"https:\/\/www.radiomais.ao\/index.php\/wp-json\/wp\/v2\/media\/4421"}],"wp:attachment":[{"href":"https:\/\/www.radiomais.ao\/index.php\/wp-json\/wp\/v2\/media?parent=4420"}],"wp:term":[{"taxonomy":"category","embeddable":true,"href":"https:\/\/www.radiomais.ao\/index.php\/wp-json\/wp\/v2\/categories?post=4420"},{"taxonomy":"post_tag","embeddable":true,"href":"https:\/\/www.radiomais.ao\/index.php\/wp-json\/wp\/v2\/tags?post=4420"}],"curies":[{"name":"wp","href":"https:\/\/api.w.org\/{rel}","templated":true}]}}