{"id":4423,"date":"2026-01-26T15:08:44","date_gmt":"2026-01-26T14:08:44","guid":{"rendered":"https:\/\/www.radiomais.ao\/?p=4423"},"modified":"2026-01-26T15:08:44","modified_gmt":"2026-01-26T14:08:44","slug":"esta-detido-cidadao-por-abuso-sexual-a-neta-de-3-anos-de-idade-em-cabinda","status":"publish","type":"post","link":"https:\/\/www.radiomais.ao\/index.php\/2026\/01\/26\/esta-detido-cidadao-por-abuso-sexual-a-neta-de-3-anos-de-idade-em-cabinda\/","title":{"rendered":"Esta detido cidad\u00e3o por abuso sexual \u00e0 neta de 3 anos  de idade em Cabinda."},"content":{"rendered":"\n<p><strong>A Pol\u00edcia Nacional em Cabinda deteve na quarta-feira, 21, o cidad\u00e3o nacional Domingos Gomes Neto, de 40 anos, acusado de ter abusado sexualmente da neta de 3 anos, que reside em companhia dos pais no bairro Gika, munic\u00edpio de Cabinda<\/strong>.<\/p>\n\n\n\n<p>O infractor, por sinal av\u00f4 da v\u00edtima, por ser tio da m\u00e3e da menina, reside igualmente no bairro Gika, e manteve a menor escondida em um dos compartimentos da resid\u00eancia durante algum tempo, per\u00edodo pelo qual aproveitou para abus\u00e1-la sexualmente. A deten\u00e7\u00e3o do implicado ocorreu na sequ\u00eancia de uma den\u00fancia relacionada com o desaparecimento da menor no seio familiar, tendo sido de imediato desencadeadas pela Pol\u00edcia Nacional ac\u00e7\u00f5es operativas que culminaram com a localiza\u00e7\u00e3o da crian\u00e7a, que se encontrava retida num dos quartos da resid\u00eancia do suspeito. Ler mais em<strong><em><a href=\"https:\/\/www.opais.ao\/sociedade\/adulto-detido-pela-policia-por-abuso-sexual-de-neta-de-3-anos-em-cabinda\/\"> Opa\u00eds<\/a><\/em><\/strong><\/p>\n","protected":false},"excerpt":{"rendered":"<p>A Pol\u00edcia Nacional em Cabinda deteve na quarta-feira, 21, o cidad\u00e3o nacional Domingos Gomes Neto, de 40 anos, acusado de ter abusado sexualmente da neta de 3 anos, que reside em companhia dos pais no bairro Gika, munic\u00edpio de Cabinda. O infractor, por sinal av\u00f4 da v\u00edtima, por ser tio da m\u00e3e da menina, reside [&hellip;]<\/p>\n","protected":false},"author":3,"featured_media":4424,"comment_status":"open","ping_status":"open","sticky":false,"template":"","format":"standard","meta":{"footnotes":""},"categories":[16],"tags":[1850],"class_list":["post-4423","post","type-post","status-publish","format-standard","has-post-thumbnail","hentry","category-actualidade","tag-pedofilo"],"blocksy_meta":[],"_links":{"self":[{"href":"https:\/\/www.radiomais.ao\/index.php\/wp-json\/wp\/v2\/posts\/4423","targetHints":{"allow":["GET"]}}],"collection":[{"href":"https:\/\/www.radiomais.ao\/index.php\/wp-json\/wp\/v2\/posts"}],"about":[{"href":"https:\/\/www.radiomais.ao\/index.php\/wp-json\/wp\/v2\/types\/post"}],"author":[{"embeddable":true,"href":"https:\/\/www.radiomais.ao\/index.php\/wp-json\/wp\/v2\/users\/3"}],"replies":[{"embeddable":true,"href":"https:\/\/www.radiomais.ao\/index.php\/wp-json\/wp\/v2\/comments?post=4423"}],"version-history":[{"count":1,"href":"https:\/\/www.radiomais.ao\/index.php\/wp-json\/wp\/v2\/posts\/4423\/revisions"}],"predecessor-version":[{"id":4425,"href":"https:\/\/www.radiomais.ao\/index.php\/wp-json\/wp\/v2\/posts\/4423\/revisions\/4425"}],"wp:featuredmedia":[{"embeddable":true,"href":"https:\/\/www.radiomais.ao\/index.php\/wp-json\/wp\/v2\/media\/4424"}],"wp:attachment":[{"href":"https:\/\/www.radiomais.ao\/index.php\/wp-json\/wp\/v2\/media?parent=4423"}],"wp:term":[{"taxonomy":"category","embeddable":true,"href":"https:\/\/www.radiomais.ao\/index.php\/wp-json\/wp\/v2\/categories?post=4423"},{"taxonomy":"post_tag","embeddable":true,"href":"https:\/\/www.radiomais.ao\/index.php\/wp-json\/wp\/v2\/tags?post=4423"}],"curies":[{"name":"wp","href":"https:\/\/api.w.org\/{rel}","templated":true}]}}