{"id":4429,"date":"2026-01-27T09:09:31","date_gmt":"2026-01-27T08:09:31","guid":{"rendered":"https:\/\/www.radiomais.ao\/?p=4429"},"modified":"2026-01-27T09:09:31","modified_gmt":"2026-01-27T08:09:31","slug":"pr-percorre-cerca-de-200-km-de-estradas-de-icolo-e-bengo-para-averiguar-niveis-de-execucao","status":"publish","type":"post","link":"https:\/\/www.radiomais.ao\/index.php\/2026\/01\/27\/pr-percorre-cerca-de-200-km-de-estradas-de-icolo-e-bengo-para-averiguar-niveis-de-execucao\/","title":{"rendered":"PR percorre cerca de 200 km de estradas de Icolo e Bengo para averiguar n\u00edveis de execu\u00e7\u00e3o."},"content":{"rendered":"\n<p><strong>O Presidente da Rep\u00fablica, Jo\u00e3o Louren\u00e7o, percorreu, ontem, cerca de 200 quil\u00f3metros de estradas dos tro\u00e7os Catete\u2013Cabala\u2013Muxima e Catete\u2013Maria Teresa, na prov\u00edncia de Icolo e Bengo, para avaliar os n\u00edveis de execu\u00e7\u00e3o das obras e analisar \u201cin loco\u201d, com os seus auxiliares, os mecanismos que devem ser accionados para se ultrapassar os constrangimentos financeiros que as empreiteiras enfrentam<\/strong>.<\/p>\n\n\n\n<p>A visita do Chefe de Estado come\u00e7ou com um breve encontro no terreno onde vai ser erguida diversas infra-estruturas governamentais, entre as quais a futura sede do Governo local e do tribunal provincial, onde recebeu explica\u00e7\u00f5es t\u00e9cnicas do ministro das Obras P\u00fablicas, Urbanismo e Habita\u00e7\u00e3o, Carlos Alberto dos Santos, sobre os trabalhos que est\u00e3o a ser desenvolvidos. Ler mais em <strong><em><a href=\"https:\/\/www.opais.ao\/politica\/presidente-da-republica-percorre-cerca-de-200-km-de-estradas-de-icolo-e-bengo-para-averiguar-niveis-de-execucao\/\">Opa\u00eds<\/a><\/em><\/strong><\/p>\n","protected":false},"excerpt":{"rendered":"<p>O Presidente da Rep\u00fablica, Jo\u00e3o Louren\u00e7o, percorreu, ontem, cerca de 200 quil\u00f3metros de estradas dos tro\u00e7os Catete\u2013Cabala\u2013Muxima e Catete\u2013Maria Teresa, na prov\u00edncia de Icolo e Bengo, para avaliar os n\u00edveis de execu\u00e7\u00e3o das obras e analisar \u201cin loco\u201d, com os seus auxiliares, os mecanismos que devem ser accionados para se ultrapassar os constrangimentos financeiros que [&hellip;]<\/p>\n","protected":false},"author":3,"featured_media":4430,"comment_status":"open","ping_status":"open","sticky":false,"template":"","format":"standard","meta":{"footnotes":""},"categories":[16],"tags":[1852,191,132],"class_list":["post-4429","post","type-post","status-publish","format-standard","has-post-thumbnail","hentry","category-actualidade","tag-analisa-obras-de-execucao","tag-icolo-e-bengo","tag-pr"],"blocksy_meta":[],"_links":{"self":[{"href":"https:\/\/www.radiomais.ao\/index.php\/wp-json\/wp\/v2\/posts\/4429","targetHints":{"allow":["GET"]}}],"collection":[{"href":"https:\/\/www.radiomais.ao\/index.php\/wp-json\/wp\/v2\/posts"}],"about":[{"href":"https:\/\/www.radiomais.ao\/index.php\/wp-json\/wp\/v2\/types\/post"}],"author":[{"embeddable":true,"href":"https:\/\/www.radiomais.ao\/index.php\/wp-json\/wp\/v2\/users\/3"}],"replies":[{"embeddable":true,"href":"https:\/\/www.radiomais.ao\/index.php\/wp-json\/wp\/v2\/comments?post=4429"}],"version-history":[{"count":1,"href":"https:\/\/www.radiomais.ao\/index.php\/wp-json\/wp\/v2\/posts\/4429\/revisions"}],"predecessor-version":[{"id":4431,"href":"https:\/\/www.radiomais.ao\/index.php\/wp-json\/wp\/v2\/posts\/4429\/revisions\/4431"}],"wp:featuredmedia":[{"embeddable":true,"href":"https:\/\/www.radiomais.ao\/index.php\/wp-json\/wp\/v2\/media\/4430"}],"wp:attachment":[{"href":"https:\/\/www.radiomais.ao\/index.php\/wp-json\/wp\/v2\/media?parent=4429"}],"wp:term":[{"taxonomy":"category","embeddable":true,"href":"https:\/\/www.radiomais.ao\/index.php\/wp-json\/wp\/v2\/categories?post=4429"},{"taxonomy":"post_tag","embeddable":true,"href":"https:\/\/www.radiomais.ao\/index.php\/wp-json\/wp\/v2\/tags?post=4429"}],"curies":[{"name":"wp","href":"https:\/\/api.w.org\/{rel}","templated":true}]}}