{"id":4441,"date":"2026-01-27T10:58:19","date_gmt":"2026-01-27T09:58:19","guid":{"rendered":"https:\/\/www.radiomais.ao\/?p=4441"},"modified":"2026-01-27T10:58:19","modified_gmt":"2026-01-27T09:58:19","slug":"anciao-das-testemunhas-de-jeova-detido-por-suposto-envolvimento-em-assedio-sexual-e-fuga-a-paternidade","status":"publish","type":"post","link":"https:\/\/www.radiomais.ao\/index.php\/2026\/01\/27\/anciao-das-testemunhas-de-jeova-detido-por-suposto-envolvimento-em-assedio-sexual-e-fuga-a-paternidade\/","title":{"rendered":"Anci\u00e3o das Testemunhas de Jeov\u00e1 detido por suposto envolvimento em ass\u00e9dio sexual e fuga \u00e0 paternidade"},"content":{"rendered":"\n<p>O Departamento de Investiga\u00e7\u00e3o de Il\u00edcitos Penais (DIIP) deteve, recentemente, no munic\u00edpio dos Mulenvos, em Luanda, um cidad\u00e3o de 38 anos de idade, anci\u00e3o das Testemunhas de Jeov\u00e1, suspeito no crime de ass\u00e9dio sexual e fuga \u00e0 paternidade, em que foi v\u00edtima uma jovem com debilidades f\u00edsicas e mentais, de 22 anos de idade.<br>\u200e<br>\u200eO facto, de acordo com o porta-voz do DIIP, intendente Quintino Ferreira, remonta h\u00e1 2 anos, quando o acusado havia mudado para uma nova resid\u00eancia no bairro Capalanga.<br>\u200e<br>\u200eDepois de supostamente abusar sexualmente a cidad\u00e3 vulner\u00e1vel, que \u00e0 data dos factos tinha 20 anos de idade, esta contraiu uma gravidez e gerou uma crian\u00e7a de agora dois anos de idade.<br>\u200e<br>\u200eNo entanto, segundo o intendente Quintino, o anci\u00e3o n\u00e3o aceita assumir a paternidade da crian\u00e7a, porque alega que s\u00f3 se envolveu com a cidad\u00e3 por sete vezes, subterf\u00fagio que o acusado considera como insuficiente para que fosse considerado o pai.<br>\u200e<br>\u200eO porta-voz sublinhou que o cidad\u00e3o j\u00e1 foi encaminhado ao Minist\u00e9rio P\u00fablico para a tramita\u00e7\u00e3o da responsabilidade criminal que pesar\u00e1 sobre o mesmo.<\/p>\n","protected":false},"excerpt":{"rendered":"<p>O Departamento de Investiga\u00e7\u00e3o de Il\u00edcitos Penais (DIIP) deteve, recentemente, no munic\u00edpio dos Mulenvos, em Luanda, um cidad\u00e3o de 38 anos de idade, anci\u00e3o das Testemunhas de Jeov\u00e1, suspeito no crime de ass\u00e9dio sexual e fuga \u00e0 paternidade, em que foi v\u00edtima uma jovem com debilidades f\u00edsicas e mentais, de 22 anos de idade.\u200e\u200eO facto, [&hellip;]<\/p>\n","protected":false},"author":3,"featured_media":4442,"comment_status":"open","ping_status":"open","sticky":false,"template":"","format":"standard","meta":{"footnotes":""},"categories":[16],"tags":[1858,1859],"class_list":["post-4441","post","type-post","status-publish","format-standard","has-post-thumbnail","hentry","category-actualidade","tag-anciao","tag-testemunhas-de-jeova"],"blocksy_meta":[],"_links":{"self":[{"href":"https:\/\/www.radiomais.ao\/index.php\/wp-json\/wp\/v2\/posts\/4441","targetHints":{"allow":["GET"]}}],"collection":[{"href":"https:\/\/www.radiomais.ao\/index.php\/wp-json\/wp\/v2\/posts"}],"about":[{"href":"https:\/\/www.radiomais.ao\/index.php\/wp-json\/wp\/v2\/types\/post"}],"author":[{"embeddable":true,"href":"https:\/\/www.radiomais.ao\/index.php\/wp-json\/wp\/v2\/users\/3"}],"replies":[{"embeddable":true,"href":"https:\/\/www.radiomais.ao\/index.php\/wp-json\/wp\/v2\/comments?post=4441"}],"version-history":[{"count":1,"href":"https:\/\/www.radiomais.ao\/index.php\/wp-json\/wp\/v2\/posts\/4441\/revisions"}],"predecessor-version":[{"id":4443,"href":"https:\/\/www.radiomais.ao\/index.php\/wp-json\/wp\/v2\/posts\/4441\/revisions\/4443"}],"wp:featuredmedia":[{"embeddable":true,"href":"https:\/\/www.radiomais.ao\/index.php\/wp-json\/wp\/v2\/media\/4442"}],"wp:attachment":[{"href":"https:\/\/www.radiomais.ao\/index.php\/wp-json\/wp\/v2\/media?parent=4441"}],"wp:term":[{"taxonomy":"category","embeddable":true,"href":"https:\/\/www.radiomais.ao\/index.php\/wp-json\/wp\/v2\/categories?post=4441"},{"taxonomy":"post_tag","embeddable":true,"href":"https:\/\/www.radiomais.ao\/index.php\/wp-json\/wp\/v2\/tags?post=4441"}],"curies":[{"name":"wp","href":"https:\/\/api.w.org\/{rel}","templated":true}]}}