{"id":4445,"date":"2026-01-27T11:09:05","date_gmt":"2026-01-27T10:09:05","guid":{"rendered":"https:\/\/www.radiomais.ao\/?p=4445"},"modified":"2026-01-27T11:09:05","modified_gmt":"2026-01-27T10:09:05","slug":"ataques-de-jacares-causam-duas-mortes-na-huila","status":"publish","type":"post","link":"https:\/\/www.radiomais.ao\/index.php\/2026\/01\/27\/ataques-de-jacares-causam-duas-mortes-na-huila\/","title":{"rendered":"Ataques de jacar\u00e9s causam duas mortes na Hu\u00edla."},"content":{"rendered":"\n<p>Dois cidad\u00e3os, de 34 e 40 anos de idade, morreram neste \u00faltimo fim-de-semana, nos munic\u00edpios do Cuvango e do Dongo, na prov\u00edncia da Hu\u00edla, em consequ\u00eancia de ataques de jacar\u00e9s.<br>\u200e<br>\u200eA informa\u00e7\u00e3o foi avan\u00e7ada hoje pela porta-voz do Servi\u00e7o de Protec\u00e7\u00e3o Civil e Bombeiros naquela localidade, inspector-bombeiro-chefe Augusta Stover.<br>\u200e<br>\u200eDe acordo com as respons\u00e1vel, o facto aconteceu no momento em que as v\u00edtimas encontrava-se a tomar banho em zonas ribeirinhas, consideradas de alto risco.<\/p>\n","protected":false},"excerpt":{"rendered":"<p>Dois cidad\u00e3os, de 34 e 40 anos de idade, morreram neste \u00faltimo fim-de-semana, nos munic\u00edpios do Cuvango e do Dongo, na prov\u00edncia da Hu\u00edla, em consequ\u00eancia de ataques de jacar\u00e9s.\u200e\u200eA informa\u00e7\u00e3o foi avan\u00e7ada hoje pela porta-voz do Servi\u00e7o de Protec\u00e7\u00e3o Civil e Bombeiros naquela localidade, inspector-bombeiro-chefe Augusta Stover.\u200e\u200eDe acordo com as respons\u00e1vel, o facto aconteceu [&hellip;]<\/p>\n","protected":false},"author":3,"featured_media":4446,"comment_status":"open","ping_status":"open","sticky":false,"template":"","format":"standard","meta":{"footnotes":""},"categories":[16],"tags":[1860,1158],"class_list":["post-4445","post","type-post","status-publish","format-standard","has-post-thumbnail","hentry","category-actualidade","tag-ataque-de-jacares","tag-huila-2"],"blocksy_meta":[],"_links":{"self":[{"href":"https:\/\/www.radiomais.ao\/index.php\/wp-json\/wp\/v2\/posts\/4445","targetHints":{"allow":["GET"]}}],"collection":[{"href":"https:\/\/www.radiomais.ao\/index.php\/wp-json\/wp\/v2\/posts"}],"about":[{"href":"https:\/\/www.radiomais.ao\/index.php\/wp-json\/wp\/v2\/types\/post"}],"author":[{"embeddable":true,"href":"https:\/\/www.radiomais.ao\/index.php\/wp-json\/wp\/v2\/users\/3"}],"replies":[{"embeddable":true,"href":"https:\/\/www.radiomais.ao\/index.php\/wp-json\/wp\/v2\/comments?post=4445"}],"version-history":[{"count":1,"href":"https:\/\/www.radiomais.ao\/index.php\/wp-json\/wp\/v2\/posts\/4445\/revisions"}],"predecessor-version":[{"id":4447,"href":"https:\/\/www.radiomais.ao\/index.php\/wp-json\/wp\/v2\/posts\/4445\/revisions\/4447"}],"wp:featuredmedia":[{"embeddable":true,"href":"https:\/\/www.radiomais.ao\/index.php\/wp-json\/wp\/v2\/media\/4446"}],"wp:attachment":[{"href":"https:\/\/www.radiomais.ao\/index.php\/wp-json\/wp\/v2\/media?parent=4445"}],"wp:term":[{"taxonomy":"category","embeddable":true,"href":"https:\/\/www.radiomais.ao\/index.php\/wp-json\/wp\/v2\/categories?post=4445"},{"taxonomy":"post_tag","embeddable":true,"href":"https:\/\/www.radiomais.ao\/index.php\/wp-json\/wp\/v2\/tags?post=4445"}],"curies":[{"name":"wp","href":"https:\/\/api.w.org\/{rel}","templated":true}]}}