{"id":4448,"date":"2026-01-27T14:18:19","date_gmt":"2026-01-27T13:18:19","guid":{"rendered":"https:\/\/www.radiomais.ao\/?p=4448"},"modified":"2026-01-27T14:18:19","modified_gmt":"2026-01-27T13:18:19","slug":"angola-podera-registar-cerca-de-10-mil-novos-casos-de-lepra-por-ano","status":"publish","type":"post","link":"https:\/\/www.radiomais.ao\/index.php\/2026\/01\/27\/angola-podera-registar-cerca-de-10-mil-novos-casos-de-lepra-por-ano\/","title":{"rendered":"Angola poder\u00e1 registar cerca de 10 mil novos casos de lepra por ano."},"content":{"rendered":"\n<p>Casos de lepra acendem alerta para import\u00e2ncia do diagn\u00f3stico precoce e combate ao estigma na prov\u00edncia do Huambo.<\/p>\n\n\n\n<p>As autoridades sanit\u00e1ria no planalto central, asseguram que a situa\u00e7\u00e3o da hansen\u00edase ou seja da lepra, est\u00e1 sob controlo, sobretudo no munic\u00edpio do Bimbe, mais continuam a registar aumento de casos, tanto que em meados do ano transato surgiram mais de 50 casos da doen\u00e7a. Todos os pacientes encontram-se em acompanhamento m\u00e9dico, embora os n\u00fameros continuem a gerar preocupa\u00e7\u00e3o entre as comunidades locais.<\/p>\n\n\n<div \n    class=\"align wp-block-scb-sound-cloud\"    id=\"scbSoundCloud-1\"\n    data-attributes='{&quot;cId&quot;:&quot;4e22b627-7&quot;,&quot;tracks&quot;:[{&quot;url&quot;:&quot;https:\\\/\\\/soundcloud.com\\\/radio-mais-luanda\\\/casos-de-lepra-no-huambo-acendem-alerta-para-importancia-do-diagnostico-precoce?si=f6a9c2ec3b1b4da5af886a5a5a5f66d0&amp;utm_source=clipboard&amp;utm_medium=text&amp;utm_campaign=social_sharing&quot;,&quot;startTrack&quot;:0}],&quot;alignment&quot;:&quot;center&quot;,&quot;align&quot;:&quot;&quot;,&quot;options&quot;:{&quot;isAutoPlay&quot;:true,&quot;color&quot;:&quot;#f50&quot;,&quot;isBuying&quot;:true,&quot;isSharing&quot;:true,&quot;isDownload&quot;:true,&quot;isArtWork&quot;:true,&quot;isPlayCount&quot;:true,&quot;isUser&quot;:true,&quot;isSingleActive&quot;:true,&quot;isComments&quot;:true,&quot;isVisual&quot;:false,&quot;isTeaser&quot;:false,&quot;isHideRelated&quot;:false},&quot;iframeStyle&quot;:{&quot;width&quot;:&quot;100%&quot;,&quot;height&quot;:&quot;170px&quot;},&quot;frameBorder&quot;:{&quot;color&quot;:&quot;#000&quot;,&quot;style&quot;:&quot;solid&quot;,&quot;width&quot;:&quot;1px&quot;},&quot;frameBRadius&quot;:{&quot;top&quot;:&quot;3px&quot;,&quot;bottom&quot;:&quot;3px&quot;,&quot;left&quot;:&quot;3px&quot;,&quot;right&quot;:&quot;3px&quot;},&quot;frameBoxShadow&quot;:[]}'>\n<\/div>\n\n \n      ","protected":false},"excerpt":{"rendered":"<p>Casos de lepra acendem alerta para import\u00e2ncia do diagn\u00f3stico precoce e combate ao estigma na prov\u00edncia do Huambo. As autoridades sanit\u00e1ria no planalto central, asseguram que a situa\u00e7\u00e3o da hansen\u00edase ou seja da lepra, est\u00e1 sob controlo, sobretudo no munic\u00edpio do Bimbe, mais continuam a registar aumento de casos, tanto que em meados do ano [&hellip;]<\/p>\n","protected":false},"author":3,"featured_media":4449,"comment_status":"open","ping_status":"open","sticky":false,"template":"","format":"standard","meta":{"footnotes":""},"categories":[16],"tags":[92,1861],"class_list":["post-4448","post","type-post","status-publish","format-standard","has-post-thumbnail","hentry","category-actualidade","tag-huambo","tag-lepra"],"blocksy_meta":[],"_links":{"self":[{"href":"https:\/\/www.radiomais.ao\/index.php\/wp-json\/wp\/v2\/posts\/4448","targetHints":{"allow":["GET"]}}],"collection":[{"href":"https:\/\/www.radiomais.ao\/index.php\/wp-json\/wp\/v2\/posts"}],"about":[{"href":"https:\/\/www.radiomais.ao\/index.php\/wp-json\/wp\/v2\/types\/post"}],"author":[{"embeddable":true,"href":"https:\/\/www.radiomais.ao\/index.php\/wp-json\/wp\/v2\/users\/3"}],"replies":[{"embeddable":true,"href":"https:\/\/www.radiomais.ao\/index.php\/wp-json\/wp\/v2\/comments?post=4448"}],"version-history":[{"count":1,"href":"https:\/\/www.radiomais.ao\/index.php\/wp-json\/wp\/v2\/posts\/4448\/revisions"}],"predecessor-version":[{"id":4450,"href":"https:\/\/www.radiomais.ao\/index.php\/wp-json\/wp\/v2\/posts\/4448\/revisions\/4450"}],"wp:featuredmedia":[{"embeddable":true,"href":"https:\/\/www.radiomais.ao\/index.php\/wp-json\/wp\/v2\/media\/4449"}],"wp:attachment":[{"href":"https:\/\/www.radiomais.ao\/index.php\/wp-json\/wp\/v2\/media?parent=4448"}],"wp:term":[{"taxonomy":"category","embeddable":true,"href":"https:\/\/www.radiomais.ao\/index.php\/wp-json\/wp\/v2\/categories?post=4448"},{"taxonomy":"post_tag","embeddable":true,"href":"https:\/\/www.radiomais.ao\/index.php\/wp-json\/wp\/v2\/tags?post=4448"}],"curies":[{"name":"wp","href":"https:\/\/api.w.org\/{rel}","templated":true}]}}