{"id":4451,"date":"2026-01-27T14:28:41","date_gmt":"2026-01-27T13:28:41","guid":{"rendered":"https:\/\/www.radiomais.ao\/?p=4451"},"modified":"2026-01-27T14:28:41","modified_gmt":"2026-01-27T13:28:41","slug":"obras-no-troco-catete-cabala-concluidas-em-marco-deste-ano","status":"publish","type":"post","link":"https:\/\/www.radiomais.ao\/index.php\/2026\/01\/27\/obras-no-troco-catete-cabala-concluidas-em-marco-deste-ano\/","title":{"rendered":"Obras no tro\u00e7o Catete Cabala conclu\u00eddas em Mar\u00e7o deste ano."},"content":{"rendered":"\n<p>As obras de reabilita\u00e7\u00e3o e amplia\u00e7\u00e3o dos 24 kilometros do tro\u00e7o rodovi\u00e1rio Catete &#8211; Cabala tem conclus\u00e3o prevista para o m\u00eas de mar\u00e7o do corrente ano, ao passo que a via Catete &#8211; Maria Teres, com 53 kilometros, ficam conclu\u00eddas em setembro.<\/p>\n\n\n\n<p>A garantia foi dada pelo minist\u00e9rio das obras p\u00fablicas, urbanismo e habita\u00e7\u00e3o, Carlos Alberto dos Santos, nesta segunda-feira, no final da jornada de campo do presidente da rep\u00fablica \u00e0s obras de reabilita\u00e7\u00e3o e amplia\u00e7\u00e3o dos dois tro\u00e7os rodovi\u00e1rios, nas estradas nacionais 110 e 230, respectivamente.<\/p>\n\n\n<div \n    class=\"align wp-block-scb-sound-cloud\"    id=\"scbSoundCloud-1\"\n    data-attributes='{&quot;cId&quot;:&quot;7b7227d1-e&quot;,&quot;tracks&quot;:[{&quot;url&quot;:&quot;https:\\\/\\\/soundcloud.com\\\/radio-mais-luanda\\\/reabilitacao-do-troco-catete-cabala-concluido-em-marco-de-2026?si=3147687924144128bfc1111498d9b155&amp;utm_source=clipboard&amp;utm_medium=text&amp;utm_campaign=social_sharing&quot;,&quot;startTrack&quot;:0}],&quot;alignment&quot;:&quot;center&quot;,&quot;align&quot;:&quot;&quot;,&quot;options&quot;:{&quot;isAutoPlay&quot;:true,&quot;color&quot;:&quot;#f50&quot;,&quot;isBuying&quot;:true,&quot;isSharing&quot;:true,&quot;isDownload&quot;:true,&quot;isArtWork&quot;:true,&quot;isPlayCount&quot;:true,&quot;isUser&quot;:true,&quot;isSingleActive&quot;:true,&quot;isComments&quot;:true,&quot;isVisual&quot;:false,&quot;isTeaser&quot;:false,&quot;isHideRelated&quot;:false},&quot;iframeStyle&quot;:{&quot;width&quot;:&quot;100%&quot;,&quot;height&quot;:&quot;170px&quot;},&quot;frameBorder&quot;:{&quot;color&quot;:&quot;#000&quot;,&quot;style&quot;:&quot;solid&quot;,&quot;width&quot;:&quot;1px&quot;},&quot;frameBRadius&quot;:{&quot;top&quot;:&quot;3px&quot;,&quot;bottom&quot;:&quot;3px&quot;,&quot;left&quot;:&quot;3px&quot;,&quot;right&quot;:&quot;3px&quot;},&quot;frameBoxShadow&quot;:[]}'>\n<\/div>\n\n \n      ","protected":false},"excerpt":{"rendered":"<p>As obras de reabilita\u00e7\u00e3o e amplia\u00e7\u00e3o dos 24 kilometros do tro\u00e7o rodovi\u00e1rio Catete &#8211; Cabala tem conclus\u00e3o prevista para o m\u00eas de mar\u00e7o do corrente ano, ao passo que a via Catete &#8211; Maria Teres, com 53 kilometros, ficam conclu\u00eddas em setembro. A garantia foi dada pelo minist\u00e9rio das obras p\u00fablicas, urbanismo e habita\u00e7\u00e3o, Carlos [&hellip;]<\/p>\n","protected":false},"author":3,"featured_media":4452,"comment_status":"open","ping_status":"open","sticky":false,"template":"","format":"standard","meta":{"footnotes":""},"categories":[16],"tags":[1864,1865,1863],"class_list":["post-4451","post","type-post","status-publish","format-standard","has-post-thumbnail","hentry","category-actualidade","tag-cabala","tag-conclusao-para-marco","tag-obras-catete"],"blocksy_meta":[],"_links":{"self":[{"href":"https:\/\/www.radiomais.ao\/index.php\/wp-json\/wp\/v2\/posts\/4451","targetHints":{"allow":["GET"]}}],"collection":[{"href":"https:\/\/www.radiomais.ao\/index.php\/wp-json\/wp\/v2\/posts"}],"about":[{"href":"https:\/\/www.radiomais.ao\/index.php\/wp-json\/wp\/v2\/types\/post"}],"author":[{"embeddable":true,"href":"https:\/\/www.radiomais.ao\/index.php\/wp-json\/wp\/v2\/users\/3"}],"replies":[{"embeddable":true,"href":"https:\/\/www.radiomais.ao\/index.php\/wp-json\/wp\/v2\/comments?post=4451"}],"version-history":[{"count":1,"href":"https:\/\/www.radiomais.ao\/index.php\/wp-json\/wp\/v2\/posts\/4451\/revisions"}],"predecessor-version":[{"id":4453,"href":"https:\/\/www.radiomais.ao\/index.php\/wp-json\/wp\/v2\/posts\/4451\/revisions\/4453"}],"wp:featuredmedia":[{"embeddable":true,"href":"https:\/\/www.radiomais.ao\/index.php\/wp-json\/wp\/v2\/media\/4452"}],"wp:attachment":[{"href":"https:\/\/www.radiomais.ao\/index.php\/wp-json\/wp\/v2\/media?parent=4451"}],"wp:term":[{"taxonomy":"category","embeddable":true,"href":"https:\/\/www.radiomais.ao\/index.php\/wp-json\/wp\/v2\/categories?post=4451"},{"taxonomy":"post_tag","embeddable":true,"href":"https:\/\/www.radiomais.ao\/index.php\/wp-json\/wp\/v2\/tags?post=4451"}],"curies":[{"name":"wp","href":"https:\/\/api.w.org\/{rel}","templated":true}]}}