{"id":4459,"date":"2026-01-27T14:46:32","date_gmt":"2026-01-27T13:46:32","guid":{"rendered":"https:\/\/www.radiomais.ao\/?p=4459"},"modified":"2026-01-27T14:46:32","modified_gmt":"2026-01-27T13:46:32","slug":"angola-e-estados-unidos-abordam-reforco-da-cooperacao-bilateral","status":"publish","type":"post","link":"https:\/\/www.radiomais.ao\/index.php\/2026\/01\/27\/angola-e-estados-unidos-abordam-reforco-da-cooperacao-bilateral\/","title":{"rendered":"Angola e Estados Unidos abordam refor\u00e7o da coopera\u00e7\u00e3o bilateral."},"content":{"rendered":"\n<p>O ministro das Rela\u00e7\u00f5es Exteriores, T\u00e9te Ant\u00f3nio, concedeu, na manh\u00e3 desta ter\u00e7a-feira, uma audi\u00eancia \u00e0 embaixadora e encarregada de Neg\u00f3cios dos Estados Unidos da Am\u00e9rica acreditada em Angola e na Rep\u00fablica Democr\u00e1tica de S\u00e3o Tom\u00e9 e Pr\u00edncipe, Shannon Cazeau.<\/p>\n\n\n\n<p>Durante a audi\u00eancia, as duas entidades abordaram tamb\u00e9m a realiza\u00e7\u00e3o da Confer\u00eancia sobre Recursos Minerais Cr\u00edticos, agendada para o pr\u00f3ximo dia 4 de Fevereiro, em Washington D.C., sob a orienta\u00e7\u00e3o do secret\u00e1rio de Estado norte-americano, Marco Rubio.<\/p>\n\n\n\n<p>Na ocasi\u00e3o, os interlocutores reiteraram a import\u00e2ncia do aprofundamento do di\u00e1logo pol\u00edtico-diplom\u00e1tico e do fortalecimento da parceria estrat\u00e9gica entre Angola e os Estados Unidos da Am\u00e9rica, com vista \u00e0 promo\u00e7\u00e3o do desenvolvimento sustent\u00e1vel e da estabilidade regional.<\/p>\n\n\n\n<p>No final do encontro, o chefe da diplomacia angolana prestou informa\u00e7\u00f5es \u00e0 diplomata norte-americana sobre a evolu\u00e7\u00e3o da situa\u00e7\u00e3o de seguran\u00e7a na Rep\u00fablica Democr\u00e1tica do Congo, com particular incid\u00eancia na implementa\u00e7\u00e3o do Acordo de Paz assinado em Washington entre os Governos da Rep\u00fablica Democr\u00e1tica do Congo e da Rep\u00fablica do Ruanda<\/p>\n","protected":false},"excerpt":{"rendered":"<p>O ministro das Rela\u00e7\u00f5es Exteriores, T\u00e9te Ant\u00f3nio, concedeu, na manh\u00e3 desta ter\u00e7a-feira, uma audi\u00eancia \u00e0 embaixadora e encarregada de Neg\u00f3cios dos Estados Unidos da Am\u00e9rica acreditada em Angola e na Rep\u00fablica Democr\u00e1tica de S\u00e3o Tom\u00e9 e Pr\u00edncipe, Shannon Cazeau. Durante a audi\u00eancia, as duas entidades abordaram tamb\u00e9m a realiza\u00e7\u00e3o da Confer\u00eancia sobre Recursos Minerais Cr\u00edticos, [&hellip;]<\/p>\n","protected":false},"author":3,"featured_media":4460,"comment_status":"open","ping_status":"open","sticky":false,"template":"","format":"standard","meta":{"footnotes":""},"categories":[16],"tags":[1868,1261],"class_list":["post-4459","post","type-post","status-publish","format-standard","has-post-thumbnail","hentry","category-actualidade","tag-angola-eua","tag-cooperacao-bilateral"],"blocksy_meta":[],"_links":{"self":[{"href":"https:\/\/www.radiomais.ao\/index.php\/wp-json\/wp\/v2\/posts\/4459","targetHints":{"allow":["GET"]}}],"collection":[{"href":"https:\/\/www.radiomais.ao\/index.php\/wp-json\/wp\/v2\/posts"}],"about":[{"href":"https:\/\/www.radiomais.ao\/index.php\/wp-json\/wp\/v2\/types\/post"}],"author":[{"embeddable":true,"href":"https:\/\/www.radiomais.ao\/index.php\/wp-json\/wp\/v2\/users\/3"}],"replies":[{"embeddable":true,"href":"https:\/\/www.radiomais.ao\/index.php\/wp-json\/wp\/v2\/comments?post=4459"}],"version-history":[{"count":1,"href":"https:\/\/www.radiomais.ao\/index.php\/wp-json\/wp\/v2\/posts\/4459\/revisions"}],"predecessor-version":[{"id":4461,"href":"https:\/\/www.radiomais.ao\/index.php\/wp-json\/wp\/v2\/posts\/4459\/revisions\/4461"}],"wp:featuredmedia":[{"embeddable":true,"href":"https:\/\/www.radiomais.ao\/index.php\/wp-json\/wp\/v2\/media\/4460"}],"wp:attachment":[{"href":"https:\/\/www.radiomais.ao\/index.php\/wp-json\/wp\/v2\/media?parent=4459"}],"wp:term":[{"taxonomy":"category","embeddable":true,"href":"https:\/\/www.radiomais.ao\/index.php\/wp-json\/wp\/v2\/categories?post=4459"},{"taxonomy":"post_tag","embeddable":true,"href":"https:\/\/www.radiomais.ao\/index.php\/wp-json\/wp\/v2\/tags?post=4459"}],"curies":[{"name":"wp","href":"https:\/\/api.w.org\/{rel}","templated":true}]}}