{"id":4463,"date":"2026-01-28T08:57:48","date_gmt":"2026-01-28T07:57:48","guid":{"rendered":"https:\/\/www.radiomais.ao\/?p=4463"},"modified":"2026-01-28T08:57:48","modified_gmt":"2026-01-28T07:57:48","slug":"arranca-construcao-do-ramal-ferroviario-luena-saurimo-com-260-quilometros-de-extensao","status":"publish","type":"post","link":"https:\/\/www.radiomais.ao\/index.php\/2026\/01\/28\/arranca-construcao-do-ramal-ferroviario-luena-saurimo-com-260-quilometros-de-extensao\/","title":{"rendered":"Arranca constru\u00e7\u00e3o do ramal ferrovi\u00e1rio Luena\u2013Saurimo com 260 quil\u00f3metros de extens\u00e3o."},"content":{"rendered":"\n<p><strong>O Minist\u00e9rio dos Transportes lan\u00e7ou ontem a primeira pedra e a assinatura do auto de consigna\u00e7\u00e3o da obra do Ramal Ferrovi\u00e1rio Luena- Saurimo, que ligar\u00e1 as prov\u00edncias do Moxico e da Lunda-Sul, com 260 quil\u00f3metros de extens\u00e3o, no \u00e2mbito da expans\u00e3o e moderniza\u00e7\u00e3o da rede ferrovi\u00e1ria nacional<\/strong>.<\/p>\n\n\n\n<p>A empreitada foi atribu\u00edda \u00e0 construtora Odebrecht Engenharia e Constru\u00e7\u00e3o, em cons\u00f3rcio com a Bento Pedroso Constru\u00e7\u00f5es. O an\u00fancio oficial da adjudica\u00e7\u00e3o da constru\u00e7\u00e3o do ramal ferrovi\u00e1rio Luena\u2013Saurimo \u00e0 construtora brasileira Odebrecht foi feito em 27 de Mar\u00e7o de 2023, por meio de um Despacho Presidencial n.\u00ba 55\/23, no qual o Presidente da Rep\u00fablica de Angola autorizou a celebra\u00e7\u00e3o do contrato de concep\u00e7\u00e3o e constru\u00e7\u00e3o com o cons\u00f3rcio que inclui a Odebrecht e a Bento Pedroso Constru\u00e7\u00f5es.<\/p>\n\n\n\n<p>O projecto contempla a constru\u00e7\u00e3o de uma linha f\u00e9rrea com 260 quil\u00f3metros de extens\u00e3o, num prazo de execu\u00e7\u00e3o de 60 meses, incluindo a edifica\u00e7\u00e3o de 11 pontes, oito esta\u00e7\u00f5es ferrovi\u00e1rias e dois cruzamentos estrat\u00e9gicos, prevendo a cria\u00e7\u00e3o de cerca de 2.000 postos de trabalho directos, com impacto relevante na dinamiza\u00e7\u00e3o econ\u00f3mica da regi\u00e3o leste do pa\u00eds. Ler mais em <strong><em><a href=\"https:\/\/www.opais.ao\/economia\/arranca-construcao-do-ramal-ferroviario-luena-saurimo-com-260-quilometros-de-extensao\/\"> Opa\u00eds<\/a><\/em><\/strong><\/p>\n","protected":false},"excerpt":{"rendered":"<p>O Minist\u00e9rio dos Transportes lan\u00e7ou ontem a primeira pedra e a assinatura do auto de consigna\u00e7\u00e3o da obra do Ramal Ferrovi\u00e1rio Luena- Saurimo, que ligar\u00e1 as prov\u00edncias do Moxico e da Lunda-Sul, com 260 quil\u00f3metros de extens\u00e3o, no \u00e2mbito da expans\u00e3o e moderniza\u00e7\u00e3o da rede ferrovi\u00e1ria nacional. A empreitada foi atribu\u00edda \u00e0 construtora Odebrecht Engenharia [&hellip;]<\/p>\n","protected":false},"author":3,"featured_media":4464,"comment_status":"open","ping_status":"open","sticky":false,"template":"","format":"standard","meta":{"footnotes":""},"categories":[1],"tags":[22,1870,1869],"class_list":["post-4463","post","type-post","status-publish","format-standard","has-post-thumbnail","hentry","category-uncategorized","tag-destaque","tag-luena-saurimo","tag-ramal-ferroviario"],"blocksy_meta":[],"_links":{"self":[{"href":"https:\/\/www.radiomais.ao\/index.php\/wp-json\/wp\/v2\/posts\/4463","targetHints":{"allow":["GET"]}}],"collection":[{"href":"https:\/\/www.radiomais.ao\/index.php\/wp-json\/wp\/v2\/posts"}],"about":[{"href":"https:\/\/www.radiomais.ao\/index.php\/wp-json\/wp\/v2\/types\/post"}],"author":[{"embeddable":true,"href":"https:\/\/www.radiomais.ao\/index.php\/wp-json\/wp\/v2\/users\/3"}],"replies":[{"embeddable":true,"href":"https:\/\/www.radiomais.ao\/index.php\/wp-json\/wp\/v2\/comments?post=4463"}],"version-history":[{"count":1,"href":"https:\/\/www.radiomais.ao\/index.php\/wp-json\/wp\/v2\/posts\/4463\/revisions"}],"predecessor-version":[{"id":4465,"href":"https:\/\/www.radiomais.ao\/index.php\/wp-json\/wp\/v2\/posts\/4463\/revisions\/4465"}],"wp:featuredmedia":[{"embeddable":true,"href":"https:\/\/www.radiomais.ao\/index.php\/wp-json\/wp\/v2\/media\/4464"}],"wp:attachment":[{"href":"https:\/\/www.radiomais.ao\/index.php\/wp-json\/wp\/v2\/media?parent=4463"}],"wp:term":[{"taxonomy":"category","embeddable":true,"href":"https:\/\/www.radiomais.ao\/index.php\/wp-json\/wp\/v2\/categories?post=4463"},{"taxonomy":"post_tag","embeddable":true,"href":"https:\/\/www.radiomais.ao\/index.php\/wp-json\/wp\/v2\/tags?post=4463"}],"curies":[{"name":"wp","href":"https:\/\/api.w.org\/{rel}","templated":true}]}}