{"id":4466,"date":"2026-01-28T09:18:13","date_gmt":"2026-01-28T08:18:13","guid":{"rendered":"https:\/\/www.radiomais.ao\/?p=4466"},"modified":"2026-01-28T09:18:13","modified_gmt":"2026-01-28T08:18:13","slug":"pr-constata-obras-do-maior-centro-de-convencoes-do-pais","status":"publish","type":"post","link":"https:\/\/www.radiomais.ao\/index.php\/2026\/01\/28\/pr-constata-obras-do-maior-centro-de-convencoes-do-pais\/","title":{"rendered":"PR constata obras do maior Centro de Conven\u00e7\u00f5es do pa\u00eds ."},"content":{"rendered":"\n<p><strong>Com 80 mil metros quadrados de obra, trata-se de uma infra-estrutura de maior val\u00eancia urbanista, arquitect\u00f3nica e t\u00e9cnica, que se posiciona acima de qualquer uma das obras existentes no pa\u00eds. Segundo o ministro das Obras P\u00fablicas, Urbanismo e Habita\u00e7\u00e3o, Carlos Alberto dos Santos, \u201cn\u00e3o h\u00e1 no pa\u00eds nenhuma infra-estrutura a este n\u00edvel\u201d, cuja projec\u00e7\u00e3o arquitect\u00f3nica foi toda executada por arquitectos nacionais<\/strong>.<\/p>\n\n\n\n<p>O Presidente da Rep\u00fablica, Jo\u00e3o Louren\u00e7o, efectuou, ontem, uma visita \u00e0s instala\u00e7\u00f5es do Centro de Conven\u00e7\u00f5es da Chicala para constatar o n\u00edvel de execu\u00e7\u00e3o das obras em curso. O Chefe de Estado que recebeu, na ocasi\u00e3o, as devidas explica\u00e7\u00f5es sobre o estado das obras e na imponente infra-estrutura que se ir\u00e1 tornar, deixou orienta\u00e7\u00f5es claras \u00e0s entidades respons\u00e1veis pela obra, no sentido de tudo fazerem para que se cumpram os prazos da conclus\u00e3o e entrega da referida obra.<\/p>\n\n\n\n<p>Inserido no Projecto Lundo, o Centro de Conven\u00e7\u00f5es da Chicala \u00e9 uma infra-estrutura com localiza\u00e7\u00e3o nobre (\u00e0 beira-mar\/Nova Marginal em Luanda), que segundo o ministro das Obras P\u00fablicas, Urbanismo e Habita\u00e7\u00e3o, Carlos Alberto dos Santos, ser\u00e1 a maior infra-estrutura que o pa\u00eds ter\u00e1. Com 80 mil metros quadrados de obra, a infra-estrutura ter\u00e1 um anfiteatro com capacidade para tr\u00eas mil pessoas.<\/p>\n","protected":false},"excerpt":{"rendered":"<p>Com 80 mil metros quadrados de obra, trata-se de uma infra-estrutura de maior val\u00eancia urbanista, arquitect\u00f3nica e t\u00e9cnica, que se posiciona acima de qualquer uma das obras existentes no pa\u00eds. Segundo o ministro das Obras P\u00fablicas, Urbanismo e Habita\u00e7\u00e3o, Carlos Alberto dos Santos, \u201cn\u00e3o h\u00e1 no pa\u00eds nenhuma infra-estrutura a este n\u00edvel\u201d, cuja projec\u00e7\u00e3o arquitect\u00f3nica [&hellip;]<\/p>\n","protected":false},"author":3,"featured_media":4467,"comment_status":"open","ping_status":"open","sticky":false,"template":"","format":"standard","meta":{"footnotes":""},"categories":[16],"tags":[1871,1872,132],"class_list":["post-4466","post","type-post","status-publish","format-standard","has-post-thumbnail","hentry","category-actualidade","tag-centro-de-convencoes-do-pais","tag-constata","tag-pr"],"blocksy_meta":[],"_links":{"self":[{"href":"https:\/\/www.radiomais.ao\/index.php\/wp-json\/wp\/v2\/posts\/4466","targetHints":{"allow":["GET"]}}],"collection":[{"href":"https:\/\/www.radiomais.ao\/index.php\/wp-json\/wp\/v2\/posts"}],"about":[{"href":"https:\/\/www.radiomais.ao\/index.php\/wp-json\/wp\/v2\/types\/post"}],"author":[{"embeddable":true,"href":"https:\/\/www.radiomais.ao\/index.php\/wp-json\/wp\/v2\/users\/3"}],"replies":[{"embeddable":true,"href":"https:\/\/www.radiomais.ao\/index.php\/wp-json\/wp\/v2\/comments?post=4466"}],"version-history":[{"count":1,"href":"https:\/\/www.radiomais.ao\/index.php\/wp-json\/wp\/v2\/posts\/4466\/revisions"}],"predecessor-version":[{"id":4468,"href":"https:\/\/www.radiomais.ao\/index.php\/wp-json\/wp\/v2\/posts\/4466\/revisions\/4468"}],"wp:featuredmedia":[{"embeddable":true,"href":"https:\/\/www.radiomais.ao\/index.php\/wp-json\/wp\/v2\/media\/4467"}],"wp:attachment":[{"href":"https:\/\/www.radiomais.ao\/index.php\/wp-json\/wp\/v2\/media?parent=4466"}],"wp:term":[{"taxonomy":"category","embeddable":true,"href":"https:\/\/www.radiomais.ao\/index.php\/wp-json\/wp\/v2\/categories?post=4466"},{"taxonomy":"post_tag","embeddable":true,"href":"https:\/\/www.radiomais.ao\/index.php\/wp-json\/wp\/v2\/tags?post=4466"}],"curies":[{"name":"wp","href":"https:\/\/api.w.org\/{rel}","templated":true}]}}