{"id":4469,"date":"2026-01-28T10:05:30","date_gmt":"2026-01-28T09:05:30","guid":{"rendered":"https:\/\/www.radiomais.ao\/?p=4469"},"modified":"2026-01-28T10:05:30","modified_gmt":"2026-01-28T09:05:30","slug":"pr-recebe-em-audiencia-ceo-da-schiba-holding-group","status":"publish","type":"post","link":"https:\/\/www.radiomais.ao\/index.php\/2026\/01\/28\/pr-recebe-em-audiencia-ceo-da-schiba-holding-group\/","title":{"rendered":"PR recebe em audi\u00eancia CEO da SCHIBA Holding Group."},"content":{"rendered":"\n<p>\u200eO Presidente da Rep\u00fablica, Jo\u00e3o Manuel Gon\u00e7alves Louren\u00e7o, recebeu em audi\u00eancia, na tarde de hoje, no Pal\u00e1cio Presidencial, na Cidade Alta, o presidente-director-geral (CEO) da SCHIBA Holding Group, o empreendedor da Cote D\u2019Ivoire, Nidjabedjan Soro.<br>\u200e<br>\u200eEm declara\u00e7\u00f5es \u00e0 imprensa, \u00e0 sa\u00edda da reuni\u00e3o concedida pelo Chefe de Estado angolano, Nidjabedjan Soro revelou que que o Presidente Jo\u00e3o Louren\u00e7o demonstrou interesse em ver a empresa da Cote D\u2019Ivoire a se estabelecer em Angola, com realce para o dom\u00ednio das infra-estruturas rodovi\u00e1rias.<br>\u200e<br>\u200eA SCHIBA Holding Group \u00e9 uma entidade empresarial ivoiriense que investe fundamentalmente no sector industrial, com produ\u00e7\u00e3o comprovada em produtos como a\u00e7\u00facar e \u00f3leo de palma e actividade no dom\u00ednio rodovi\u00e1rio, entre outros sectores.<\/p>\n","protected":false},"excerpt":{"rendered":"<p>\u200eO Presidente da Rep\u00fablica, Jo\u00e3o Manuel Gon\u00e7alves Louren\u00e7o, recebeu em audi\u00eancia, na tarde de hoje, no Pal\u00e1cio Presidencial, na Cidade Alta, o presidente-director-geral (CEO) da SCHIBA Holding Group, o empreendedor da Cote D\u2019Ivoire, Nidjabedjan Soro.\u200e\u200eEm declara\u00e7\u00f5es \u00e0 imprensa, \u00e0 sa\u00edda da reuni\u00e3o concedida pelo Chefe de Estado angolano, Nidjabedjan Soro revelou que que o Presidente [&hellip;]<\/p>\n","protected":false},"author":3,"featured_media":4470,"comment_status":"open","ping_status":"open","sticky":false,"template":"","format":"standard","meta":{"footnotes":""},"categories":[16],"tags":[1873],"class_list":["post-4469","post","type-post","status-publish","format-standard","has-post-thumbnail","hentry","category-actualidade","tag-pr-recebe-ceo"],"blocksy_meta":[],"_links":{"self":[{"href":"https:\/\/www.radiomais.ao\/index.php\/wp-json\/wp\/v2\/posts\/4469","targetHints":{"allow":["GET"]}}],"collection":[{"href":"https:\/\/www.radiomais.ao\/index.php\/wp-json\/wp\/v2\/posts"}],"about":[{"href":"https:\/\/www.radiomais.ao\/index.php\/wp-json\/wp\/v2\/types\/post"}],"author":[{"embeddable":true,"href":"https:\/\/www.radiomais.ao\/index.php\/wp-json\/wp\/v2\/users\/3"}],"replies":[{"embeddable":true,"href":"https:\/\/www.radiomais.ao\/index.php\/wp-json\/wp\/v2\/comments?post=4469"}],"version-history":[{"count":1,"href":"https:\/\/www.radiomais.ao\/index.php\/wp-json\/wp\/v2\/posts\/4469\/revisions"}],"predecessor-version":[{"id":4471,"href":"https:\/\/www.radiomais.ao\/index.php\/wp-json\/wp\/v2\/posts\/4469\/revisions\/4471"}],"wp:featuredmedia":[{"embeddable":true,"href":"https:\/\/www.radiomais.ao\/index.php\/wp-json\/wp\/v2\/media\/4470"}],"wp:attachment":[{"href":"https:\/\/www.radiomais.ao\/index.php\/wp-json\/wp\/v2\/media?parent=4469"}],"wp:term":[{"taxonomy":"category","embeddable":true,"href":"https:\/\/www.radiomais.ao\/index.php\/wp-json\/wp\/v2\/categories?post=4469"},{"taxonomy":"post_tag","embeddable":true,"href":"https:\/\/www.radiomais.ao\/index.php\/wp-json\/wp\/v2\/tags?post=4469"}],"curies":[{"name":"wp","href":"https:\/\/api.w.org\/{rel}","templated":true}]}}