{"id":4472,"date":"2026-01-28T10:22:20","date_gmt":"2026-01-28T09:22:20","guid":{"rendered":"https:\/\/www.radiomais.ao\/?p=4472"},"modified":"2026-01-28T10:22:20","modified_gmt":"2026-01-28T09:22:20","slug":"ministro-tete-antonio-participa-nas-celebracoes-do-77-o-aniversario-da-india","status":"publish","type":"post","link":"https:\/\/www.radiomais.ao\/index.php\/2026\/01\/28\/ministro-tete-antonio-participa-nas-celebracoes-do-77-o-aniversario-da-india\/","title":{"rendered":"Ministro T\u00e9te Ant\u00f3nio participa nas celebra\u00e7\u00f5es do 77.\u00ba anivers\u00e1rio da \u00cdndia."},"content":{"rendered":"\n<p>O ministro das Rela\u00e7\u00f5es Exteriores, T\u00e9te Ant\u00f3nio, participou, na noite desta Segunda-feira, como convidado de honra, na recep\u00e7\u00e3o oficial oferecida pela embaixada da \u00cdndia em Angola, por ocasi\u00e3o das celebra\u00e7\u00f5es do 77.\u00ba anivers\u00e1rio da proclama\u00e7\u00e3o desse pa\u00eds sul- asi\u00e1tico.<\/p>\n\n\n\n<p>Na ocasi\u00e3o, T\u00e9te Ant\u00f3nio destacou a relev\u00e2ncia hist\u00f3rica da efem\u00e9ride, que assinala a consolida\u00e7\u00e3o dos valores da independ\u00eancia, da soberania, da democracia e do desenvolvimento inclusivo da Rep\u00fablica da \u00cdndia, sublinhando o papel do pa\u00eds asi\u00e1tico como actor de relevo no sistema internacional e parceiro estrat\u00e9gico no Sul Global.<\/p>\n\n\n\n<p>Enalteceu, igualmente, o excelente n\u00edvel das rela\u00e7\u00f5es de amizade e coopera\u00e7\u00e3o entre Angola e a \u00cdndia, alicer\u00e7adas no respeito m\u00fatuo, na solidariedade e em interesses comuns, com progressos significativos em dom\u00ednios como a energia, a sa\u00fade, a educa\u00e7\u00e3o, a agricultura, as tecnologias de informa\u00e7\u00e3o e a forma\u00e7\u00e3o de quadros.<\/p>\n","protected":false},"excerpt":{"rendered":"<p>O ministro das Rela\u00e7\u00f5es Exteriores, T\u00e9te Ant\u00f3nio, participou, na noite desta Segunda-feira, como convidado de honra, na recep\u00e7\u00e3o oficial oferecida pela embaixada da \u00cdndia em Angola, por ocasi\u00e3o das celebra\u00e7\u00f5es do 77.\u00ba anivers\u00e1rio da proclama\u00e7\u00e3o desse pa\u00eds sul- asi\u00e1tico. Na ocasi\u00e3o, T\u00e9te Ant\u00f3nio destacou a relev\u00e2ncia hist\u00f3rica da efem\u00e9ride, que assinala a consolida\u00e7\u00e3o dos valores [&hellip;]<\/p>\n","protected":false},"author":3,"featured_media":4473,"comment_status":"open","ping_status":"open","sticky":false,"template":"","format":"standard","meta":{"footnotes":""},"categories":[16],"tags":[1875,1874],"class_list":["post-4472","post","type-post","status-publish","format-standard","has-post-thumbnail","hentry","category-actualidade","tag-77-o-aniversario-da-india","tag-ministro-tete-antonio"],"blocksy_meta":[],"_links":{"self":[{"href":"https:\/\/www.radiomais.ao\/index.php\/wp-json\/wp\/v2\/posts\/4472","targetHints":{"allow":["GET"]}}],"collection":[{"href":"https:\/\/www.radiomais.ao\/index.php\/wp-json\/wp\/v2\/posts"}],"about":[{"href":"https:\/\/www.radiomais.ao\/index.php\/wp-json\/wp\/v2\/types\/post"}],"author":[{"embeddable":true,"href":"https:\/\/www.radiomais.ao\/index.php\/wp-json\/wp\/v2\/users\/3"}],"replies":[{"embeddable":true,"href":"https:\/\/www.radiomais.ao\/index.php\/wp-json\/wp\/v2\/comments?post=4472"}],"version-history":[{"count":1,"href":"https:\/\/www.radiomais.ao\/index.php\/wp-json\/wp\/v2\/posts\/4472\/revisions"}],"predecessor-version":[{"id":4474,"href":"https:\/\/www.radiomais.ao\/index.php\/wp-json\/wp\/v2\/posts\/4472\/revisions\/4474"}],"wp:featuredmedia":[{"embeddable":true,"href":"https:\/\/www.radiomais.ao\/index.php\/wp-json\/wp\/v2\/media\/4473"}],"wp:attachment":[{"href":"https:\/\/www.radiomais.ao\/index.php\/wp-json\/wp\/v2\/media?parent=4472"}],"wp:term":[{"taxonomy":"category","embeddable":true,"href":"https:\/\/www.radiomais.ao\/index.php\/wp-json\/wp\/v2\/categories?post=4472"},{"taxonomy":"post_tag","embeddable":true,"href":"https:\/\/www.radiomais.ao\/index.php\/wp-json\/wp\/v2\/tags?post=4472"}],"curies":[{"name":"wp","href":"https:\/\/api.w.org\/{rel}","templated":true}]}}