{"id":4475,"date":"2026-01-28T10:26:51","date_gmt":"2026-01-28T09:26:51","guid":{"rendered":"https:\/\/www.radiomais.ao\/?p=4475"},"modified":"2026-01-28T10:26:51","modified_gmt":"2026-01-28T09:26:51","slug":"defesa-acusa-violacoes-de-garantias-e-transforma-caso-agt-em-teste-a-justica","status":"publish","type":"post","link":"https:\/\/www.radiomais.ao\/index.php\/2026\/01\/28\/defesa-acusa-violacoes-de-garantias-e-transforma-caso-agt-em-teste-a-justica\/","title":{"rendered":"Defesa acusa viola\u00e7\u00f5es de garantias e transforma caso AGT em teste \u00e0 justi\u00e7a."},"content":{"rendered":"\n<p><strong>O julgamento do processo n.\u00ba 1954\/25-C, que envolve 36 arguidos ligados \u00e0 Administra\u00e7\u00e3o Geral Tribut\u00e1ria (AGT), acusados de desviar mais de 100 mil milh\u00f5es de kwanzas dos cofres do Estado, conheceu esta Ter\u00e7a-feira, 27, um dos momentos mais tensos desde que foi aberto. A sess\u00e3o arrancou com um protesto conjunto da defesa, que alegou sucessivas viola\u00e7\u00f5es de direitos e prerrogativas profissionais, e culminou com a retirada da maioria dos advogados da sala de audi\u00eancias<\/strong>.<\/p>\n\n\n\n<p>O abandono da n\u00e3o impediu, por\u00e9m, a continuidade dos trabalhos. O tribunal decidiu prosseguir com apenas quatro caus\u00eddicos, o que manteve o ambiente crispado: a defesa acusa o \u00f3rg\u00e3o judicante de querer avan\u00e7ar o julgamento \u201ca qualquer pre\u00e7o\u201d, enquanto o tribunal insiste na necessidade de se garantir celeridade e evitar o atraso do processo.<\/p>\n\n\n\n<p>Apesar de ser da compet\u00eancia do Tribunal da Comarca de Luanda, a sess\u00e3o decorreu na sala de audi\u00eancias do Tribunal Supremo, por falta de espa\u00e7o no Pal\u00e1cio Dona Ana Joaquina. Foram apenas discutidas quest\u00f5es pr\u00e9vias \u2014 a leitura das pe\u00e7as acusat\u00f3rias n\u00e3o come\u00e7aram ainda \u2014 mas as diverg\u00eancias sobre a condu\u00e7\u00e3o do processo j\u00e1 tomam conta da audi\u00eancia. Ler mais em<strong><em><a href=\"https:\/\/www.opais.ao\/politica\/defesa-acusa-violacoes-de-garantias-e-transforma-caso-agt-em-teste-a-justica\/\"> Opa\u00eds<\/a><\/em><\/strong><\/p>\n","protected":false},"excerpt":{"rendered":"<p>O julgamento do processo n.\u00ba 1954\/25-C, que envolve 36 arguidos ligados \u00e0 Administra\u00e7\u00e3o Geral Tribut\u00e1ria (AGT), acusados de desviar mais de 100 mil milh\u00f5es de kwanzas dos cofres do Estado, conheceu esta Ter\u00e7a-feira, 27, um dos momentos mais tensos desde que foi aberto. A sess\u00e3o arrancou com um protesto conjunto da defesa, que alegou sucessivas [&hellip;]<\/p>\n","protected":false},"author":3,"featured_media":4476,"comment_status":"open","ping_status":"open","sticky":false,"template":"","format":"standard","meta":{"footnotes":""},"categories":[16],"tags":[659,1876],"class_list":["post-4475","post","type-post","status-publish","format-standard","has-post-thumbnail","hentry","category-actualidade","tag-caso-agt","tag-defesa-acusa-violacoes-de-garantias"],"blocksy_meta":[],"_links":{"self":[{"href":"https:\/\/www.radiomais.ao\/index.php\/wp-json\/wp\/v2\/posts\/4475","targetHints":{"allow":["GET"]}}],"collection":[{"href":"https:\/\/www.radiomais.ao\/index.php\/wp-json\/wp\/v2\/posts"}],"about":[{"href":"https:\/\/www.radiomais.ao\/index.php\/wp-json\/wp\/v2\/types\/post"}],"author":[{"embeddable":true,"href":"https:\/\/www.radiomais.ao\/index.php\/wp-json\/wp\/v2\/users\/3"}],"replies":[{"embeddable":true,"href":"https:\/\/www.radiomais.ao\/index.php\/wp-json\/wp\/v2\/comments?post=4475"}],"version-history":[{"count":1,"href":"https:\/\/www.radiomais.ao\/index.php\/wp-json\/wp\/v2\/posts\/4475\/revisions"}],"predecessor-version":[{"id":4477,"href":"https:\/\/www.radiomais.ao\/index.php\/wp-json\/wp\/v2\/posts\/4475\/revisions\/4477"}],"wp:featuredmedia":[{"embeddable":true,"href":"https:\/\/www.radiomais.ao\/index.php\/wp-json\/wp\/v2\/media\/4476"}],"wp:attachment":[{"href":"https:\/\/www.radiomais.ao\/index.php\/wp-json\/wp\/v2\/media?parent=4475"}],"wp:term":[{"taxonomy":"category","embeddable":true,"href":"https:\/\/www.radiomais.ao\/index.php\/wp-json\/wp\/v2\/categories?post=4475"},{"taxonomy":"post_tag","embeddable":true,"href":"https:\/\/www.radiomais.ao\/index.php\/wp-json\/wp\/v2\/tags?post=4475"}],"curies":[{"name":"wp","href":"https:\/\/api.w.org\/{rel}","templated":true}]}}