{"id":4478,"date":"2026-01-28T10:29:56","date_gmt":"2026-01-28T09:29:56","guid":{"rendered":"https:\/\/www.radiomais.ao\/?p=4478"},"modified":"2026-01-28T10:31:16","modified_gmt":"2026-01-28T09:31:16","slug":"facra-e-inapem-assinam-acordo-de-parceria-estrategica","status":"publish","type":"post","link":"https:\/\/www.radiomais.ao\/index.php\/2026\/01\/28\/facra-e-inapem-assinam-acordo-de-parceria-estrategica\/","title":{"rendered":"FACRA E INAPEM assinam acordo de parceria estrat\u00e9gica."},"content":{"rendered":"\n<p>\u200eO Fundo Activo de Capital de Risco Angolano (FACRA) e o Instituto Nacional de Apoio \u00e0s Micro, Pequenas e M\u00e9dias Empresas (INAPEM) assinaram, hoje, em Luanda, um acordo que vai facilitar o acesso a mecanismos de financiamento e investimento as micro, pequenas e m\u00e9dias empresas.<br>\u200e<br>\u200eO memorando agora assinado permitir\u00e1, outrossim, a facilita\u00e7\u00e3o no acesso \u00e0 base de dados das empresas com o selo Feito em Angola, promover a capacita\u00e7\u00e3o e a certifica\u00e7\u00e3o empresarial e prestar apoio \u00e0 consolida\u00e7\u00e3o e a expans\u00e3o de neg\u00f3cios sustent\u00e1veis.<br>\u200e<br>\u200eO acordo foi assinado pelo coordenador da Comiss\u00e3o de Reestrutura\u00e7\u00e3o do FACRA, M\u00e1rio Mangueira, e o presidente do Conselho de Administra\u00e7\u00e3o do INAPEM, Br\u00e1ulio Augusto, com uma validade de tr\u00eas anos.<\/p>\n","protected":false},"excerpt":{"rendered":"<p>\u200eO Fundo Activo de Capital de Risco Angolano (FACRA) e o Instituto Nacional de Apoio \u00e0s Micro, Pequenas e M\u00e9dias Empresas (INAPEM) assinaram, hoje, em Luanda, um acordo que vai facilitar o acesso a mecanismos de financiamento e investimento as micro, pequenas e m\u00e9dias empresas.\u200e\u200eO memorando agora assinado permitir\u00e1, outrossim, a facilita\u00e7\u00e3o no acesso \u00e0 [&hellip;]<\/p>\n","protected":false},"author":3,"featured_media":4481,"comment_status":"open","ping_status":"open","sticky":false,"template":"","format":"standard","meta":{"footnotes":""},"categories":[16],"tags":[],"class_list":["post-4478","post","type-post","status-publish","format-standard","has-post-thumbnail","hentry","category-actualidade"],"blocksy_meta":[],"_links":{"self":[{"href":"https:\/\/www.radiomais.ao\/index.php\/wp-json\/wp\/v2\/posts\/4478","targetHints":{"allow":["GET"]}}],"collection":[{"href":"https:\/\/www.radiomais.ao\/index.php\/wp-json\/wp\/v2\/posts"}],"about":[{"href":"https:\/\/www.radiomais.ao\/index.php\/wp-json\/wp\/v2\/types\/post"}],"author":[{"embeddable":true,"href":"https:\/\/www.radiomais.ao\/index.php\/wp-json\/wp\/v2\/users\/3"}],"replies":[{"embeddable":true,"href":"https:\/\/www.radiomais.ao\/index.php\/wp-json\/wp\/v2\/comments?post=4478"}],"version-history":[{"count":1,"href":"https:\/\/www.radiomais.ao\/index.php\/wp-json\/wp\/v2\/posts\/4478\/revisions"}],"predecessor-version":[{"id":4480,"href":"https:\/\/www.radiomais.ao\/index.php\/wp-json\/wp\/v2\/posts\/4478\/revisions\/4480"}],"wp:featuredmedia":[{"embeddable":true,"href":"https:\/\/www.radiomais.ao\/index.php\/wp-json\/wp\/v2\/media\/4481"}],"wp:attachment":[{"href":"https:\/\/www.radiomais.ao\/index.php\/wp-json\/wp\/v2\/media?parent=4478"}],"wp:term":[{"taxonomy":"category","embeddable":true,"href":"https:\/\/www.radiomais.ao\/index.php\/wp-json\/wp\/v2\/categories?post=4478"},{"taxonomy":"post_tag","embeddable":true,"href":"https:\/\/www.radiomais.ao\/index.php\/wp-json\/wp\/v2\/tags?post=4478"}],"curies":[{"name":"wp","href":"https:\/\/api.w.org\/{rel}","templated":true}]}}