{"id":4482,"date":"2026-01-28T10:59:25","date_gmt":"2026-01-28T09:59:25","guid":{"rendered":"https:\/\/www.radiomais.ao\/?p=4482"},"modified":"2026-01-28T10:59:25","modified_gmt":"2026-01-28T09:59:25","slug":"angola-participa-na-conferencia-mundial-das-alfandegas-em-abu-dhabi","status":"publish","type":"post","link":"https:\/\/www.radiomais.ao\/index.php\/2026\/01\/28\/angola-participa-na-conferencia-mundial-das-alfandegas-em-abu-dhabi\/","title":{"rendered":"Angola participa na Confer\u00eancia Mundial das Alf\u00e2ndegas em Abu Dhabi."},"content":{"rendered":"\n<p>Uma delega\u00e7\u00e3o da C\u00e2mara dos Despachantes Oficiais de Angola (CDOA) participa, de 28 a 30 do corrente m\u00eas, em Abu Dhabi, Emirados \u00c1rabes Unidos, na Confer\u00eancia e Exibi\u00e7\u00e3o de Tecnologia da Organiza\u00e7\u00e3o Mundial das Alf\u00e2ndegas (OMA).<\/p>\n\n\n\n<p>O evento vai decorrer sob o lema \u201cAgilidade Aduaneira num mundo complexo: Assegurando e facilitando o com\u00e9rcio atrav\u00e9s da inova\u00e7\u00e3o\u201d. A participa\u00e7\u00e3o da delega\u00e7\u00e3o angolana na confer\u00eancia enquadra-se no refor\u00e7o da capacita\u00e7\u00e3o institucional, no interc\u00e2mbio de boas pr\u00e1ticas e no alinhamento da classe dos Despachantes Oficiais de Angola com os padr\u00f5es internacionais em mat\u00e9ria aduaneira e de facilita\u00e7\u00e3o do com\u00e9rcio. Ler mais em<strong><em><a href=\"https:\/\/www.opais.ao\/economia\/angola-participa-na-conferencia-mundial-das-alfandegas-em-abu-dhabi\/\"> Opa\u00eds<\/a><\/em><\/strong><\/p>\n","protected":false},"excerpt":{"rendered":"<p>Uma delega\u00e7\u00e3o da C\u00e2mara dos Despachantes Oficiais de Angola (CDOA) participa, de 28 a 30 do corrente m\u00eas, em Abu Dhabi, Emirados \u00c1rabes Unidos, na Confer\u00eancia e Exibi\u00e7\u00e3o de Tecnologia da Organiza\u00e7\u00e3o Mundial das Alf\u00e2ndegas (OMA). O evento vai decorrer sob o lema \u201cAgilidade Aduaneira num mundo complexo: Assegurando e facilitando o com\u00e9rcio atrav\u00e9s da [&hellip;]<\/p>\n","protected":false},"author":3,"featured_media":4483,"comment_status":"open","ping_status":"open","sticky":false,"template":"","format":"standard","meta":{"footnotes":""},"categories":[16],"tags":[1888,1887],"class_list":["post-4482","post","type-post","status-publish","format-standard","has-post-thumbnail","hentry","category-actualidade","tag-abudhabi","tag-conferencia-mundial-das-alfandegas"],"blocksy_meta":[],"_links":{"self":[{"href":"https:\/\/www.radiomais.ao\/index.php\/wp-json\/wp\/v2\/posts\/4482","targetHints":{"allow":["GET"]}}],"collection":[{"href":"https:\/\/www.radiomais.ao\/index.php\/wp-json\/wp\/v2\/posts"}],"about":[{"href":"https:\/\/www.radiomais.ao\/index.php\/wp-json\/wp\/v2\/types\/post"}],"author":[{"embeddable":true,"href":"https:\/\/www.radiomais.ao\/index.php\/wp-json\/wp\/v2\/users\/3"}],"replies":[{"embeddable":true,"href":"https:\/\/www.radiomais.ao\/index.php\/wp-json\/wp\/v2\/comments?post=4482"}],"version-history":[{"count":1,"href":"https:\/\/www.radiomais.ao\/index.php\/wp-json\/wp\/v2\/posts\/4482\/revisions"}],"predecessor-version":[{"id":4484,"href":"https:\/\/www.radiomais.ao\/index.php\/wp-json\/wp\/v2\/posts\/4482\/revisions\/4484"}],"wp:featuredmedia":[{"embeddable":true,"href":"https:\/\/www.radiomais.ao\/index.php\/wp-json\/wp\/v2\/media\/4483"}],"wp:attachment":[{"href":"https:\/\/www.radiomais.ao\/index.php\/wp-json\/wp\/v2\/media?parent=4482"}],"wp:term":[{"taxonomy":"category","embeddable":true,"href":"https:\/\/www.radiomais.ao\/index.php\/wp-json\/wp\/v2\/categories?post=4482"},{"taxonomy":"post_tag","embeddable":true,"href":"https:\/\/www.radiomais.ao\/index.php\/wp-json\/wp\/v2\/tags?post=4482"}],"curies":[{"name":"wp","href":"https:\/\/api.w.org\/{rel}","templated":true}]}}