{"id":4488,"date":"2026-01-28T11:11:04","date_gmt":"2026-01-28T10:11:04","guid":{"rendered":"https:\/\/www.radiomais.ao\/?p=4488"},"modified":"2026-01-28T11:11:04","modified_gmt":"2026-01-28T10:11:04","slug":"jovem-heroi-mateus-oficial-abandona-ciclo-formativo-no-colegio-de-policia","status":"publish","type":"post","link":"https:\/\/www.radiomais.ao\/index.php\/2026\/01\/28\/jovem-heroi-mateus-oficial-abandona-ciclo-formativo-no-colegio-de-policia\/","title":{"rendered":"Jovem \u201cher\u00f3i\u201d Mateus Oficial abandona ciclo formativo no col\u00e9gio de pol\u00edcia."},"content":{"rendered":"\n<p>\u200eA Pol\u00edcia Nacional anunciou, recentemente, que Mateus Domingos Oficial, jovem de 17 anos de idade que tinha sido o her\u00f3i no tr\u00e1gico acidente registado em junho de 2025, na vala de drenagem do munic\u00edpio de Viana, j\u00e1 n\u00e3o ir\u00e1 compor a lista de alunos do Col\u00e9gio de Pol\u00edcia Comandante Jos\u00e9 Alfredo \u201cEkuikui\u201d, no ano lectivo 2025\/2026.<br>\u200e<br>\u200eDe acordo com um comunicado de imprensa da PN aferido por este jornal, a decis\u00e3o da interrup\u00e7\u00e3o ter\u00e1 surgido do pr\u00f3prio rapaz, n\u00e3o obstante ter apresentado uma aprendizagem acelerada e significativa em diversas disciplinas, tal como real\u00e7a o documento.<br>\u200e<br>\u200eRecorde-se que, a pedido do povo angolano como forma de retribui\u00e7\u00e3o \u00e0 sua coragem e valentia e com a anu\u00eancia dos seus progenitores, Mateus Domingos Oficial, o \u201cher\u00f3i da vala\u201d, foi integrado naquela institui\u00e7\u00e3o formadora de pol\u00edcias, localizada em Luanda, com a finalidade de frequentar, a tempo integral, a sua forma\u00e7\u00e3o acad\u00e9mica. Ler mais em<strong><em><a href=\"https:\/\/www.opais.ao\/ultimas_hora\/jovem-heroi-mateus-oficial-abandona-ciclo-formativo-no-colegio-de-policia\/\"> Opa\u00eds<\/a><\/em><\/strong><\/p>\n","protected":false},"excerpt":{"rendered":"<p>\u200eA Pol\u00edcia Nacional anunciou, recentemente, que Mateus Domingos Oficial, jovem de 17 anos de idade que tinha sido o her\u00f3i no tr\u00e1gico acidente registado em junho de 2025, na vala de drenagem do munic\u00edpio de Viana, j\u00e1 n\u00e3o ir\u00e1 compor a lista de alunos do Col\u00e9gio de Pol\u00edcia Comandante Jos\u00e9 Alfredo \u201cEkuikui\u201d, no ano lectivo [&hellip;]<\/p>\n","protected":false},"author":3,"featured_media":4489,"comment_status":"open","ping_status":"open","sticky":false,"template":"","format":"standard","meta":{"footnotes":""},"categories":[16],"tags":[1891,1890],"class_list":["post-4488","post","type-post","status-publish","format-standard","has-post-thumbnail","hentry","category-actualidade","tag-abandona-formacao","tag-heroi"],"blocksy_meta":[],"_links":{"self":[{"href":"https:\/\/www.radiomais.ao\/index.php\/wp-json\/wp\/v2\/posts\/4488","targetHints":{"allow":["GET"]}}],"collection":[{"href":"https:\/\/www.radiomais.ao\/index.php\/wp-json\/wp\/v2\/posts"}],"about":[{"href":"https:\/\/www.radiomais.ao\/index.php\/wp-json\/wp\/v2\/types\/post"}],"author":[{"embeddable":true,"href":"https:\/\/www.radiomais.ao\/index.php\/wp-json\/wp\/v2\/users\/3"}],"replies":[{"embeddable":true,"href":"https:\/\/www.radiomais.ao\/index.php\/wp-json\/wp\/v2\/comments?post=4488"}],"version-history":[{"count":1,"href":"https:\/\/www.radiomais.ao\/index.php\/wp-json\/wp\/v2\/posts\/4488\/revisions"}],"predecessor-version":[{"id":4490,"href":"https:\/\/www.radiomais.ao\/index.php\/wp-json\/wp\/v2\/posts\/4488\/revisions\/4490"}],"wp:featuredmedia":[{"embeddable":true,"href":"https:\/\/www.radiomais.ao\/index.php\/wp-json\/wp\/v2\/media\/4489"}],"wp:attachment":[{"href":"https:\/\/www.radiomais.ao\/index.php\/wp-json\/wp\/v2\/media?parent=4488"}],"wp:term":[{"taxonomy":"category","embeddable":true,"href":"https:\/\/www.radiomais.ao\/index.php\/wp-json\/wp\/v2\/categories?post=4488"},{"taxonomy":"post_tag","embeddable":true,"href":"https:\/\/www.radiomais.ao\/index.php\/wp-json\/wp\/v2\/tags?post=4488"}],"curies":[{"name":"wp","href":"https:\/\/api.w.org\/{rel}","templated":true}]}}