{"id":4491,"date":"2026-01-28T11:15:53","date_gmt":"2026-01-28T10:15:53","guid":{"rendered":"https:\/\/www.radiomais.ao\/?p=4491"},"modified":"2026-01-28T11:15:53","modified_gmt":"2026-01-28T10:15:53","slug":"detida-suposta-enfermeira-acusada-de-administrar-injeccao-que-causou-a-morte-de-uma-crianca","status":"publish","type":"post","link":"https:\/\/www.radiomais.ao\/index.php\/2026\/01\/28\/detida-suposta-enfermeira-acusada-de-administrar-injeccao-que-causou-a-morte-de-uma-crianca\/","title":{"rendered":"Detida suposta enfermeira acusada de administrar injec\u00e7\u00e3o que causou a morte de uma crian\u00e7a."},"content":{"rendered":"\n<p>\u200eO Servi\u00e7o de Investiga\u00e7\u00e3o Criminal, na prov\u00edncia do Cuanza-Norte deteve, recentemente, uma cidad\u00e3 de 47 anos, por suspeitas no crime de homic\u00eddio involunt\u00e1rio, em que foi v\u00edtima uma menor de 3 anos de idade.<br>\u200e<br>\u200eO facto, de acordo com o SIC, ter\u00e1 acontecido na noite de 23 de Janeiro do ano em curso quando a menor, por sinal sobrinha da acusada, apresentou um quadro cl\u00ednico gravoso ap\u00f3s dias acometida com doen\u00e7a.<br>\u200e<br>\u200eDe modo a baixar a febre alta que a menina supostamente sentia, a suspeita, que j\u00e1 prestava assist\u00eancia m\u00e9dica \u00e0 v\u00edtima durante algumas semanas, ter\u00e1 aplicado-lhe uma injec\u00e7\u00e3o de dipirona, que n\u00e3o teria sido bem recebida pela paciente.<br>\u200e<br>\u200eEm pouco menos de tr\u00eas horas, segundo as autoridades, a menor acabou por sucumbir.<br>\u200e<br>\u200eA suspeita alega ter feito uma forma\u00e7\u00e3o b\u00e1sica de enfermagem no ano de 2000 e depois uma forma\u00e7\u00e3o t\u00e9cnica que terminou em 2004, no Bi\u00e9, apesar de n\u00e3o possuir uma carteira profissional que a habilitasse a exercer tal actividade. Ler mais em <strong><em><a href=\"https:\/\/www.opais.ao\/ultimas_hora\/detida-suposta-enfermeira-acusada-de-administrar-injeccao-que-causou-a-morte-de-uma-crianca\/\">Opa\u00eds<\/a><\/em><\/strong><br>\u200e<\/p>\n","protected":false},"excerpt":{"rendered":"<p>\u200eO Servi\u00e7o de Investiga\u00e7\u00e3o Criminal, na prov\u00edncia do Cuanza-Norte deteve, recentemente, uma cidad\u00e3 de 47 anos, por suspeitas no crime de homic\u00eddio involunt\u00e1rio, em que foi v\u00edtima uma menor de 3 anos de idade.\u200e\u200eO facto, de acordo com o SIC, ter\u00e1 acontecido na noite de 23 de Janeiro do ano em curso quando a menor, [&hellip;]<\/p>\n","protected":false},"author":3,"featured_media":4492,"comment_status":"open","ping_status":"open","sticky":false,"template":"","format":"standard","meta":{"footnotes":""},"categories":[16],"tags":[1892,1893],"class_list":["post-4491","post","type-post","status-publish","format-standard","has-post-thumbnail","hentry","category-actualidade","tag-enfermeira","tag-injeccao-mortal"],"blocksy_meta":[],"_links":{"self":[{"href":"https:\/\/www.radiomais.ao\/index.php\/wp-json\/wp\/v2\/posts\/4491","targetHints":{"allow":["GET"]}}],"collection":[{"href":"https:\/\/www.radiomais.ao\/index.php\/wp-json\/wp\/v2\/posts"}],"about":[{"href":"https:\/\/www.radiomais.ao\/index.php\/wp-json\/wp\/v2\/types\/post"}],"author":[{"embeddable":true,"href":"https:\/\/www.radiomais.ao\/index.php\/wp-json\/wp\/v2\/users\/3"}],"replies":[{"embeddable":true,"href":"https:\/\/www.radiomais.ao\/index.php\/wp-json\/wp\/v2\/comments?post=4491"}],"version-history":[{"count":1,"href":"https:\/\/www.radiomais.ao\/index.php\/wp-json\/wp\/v2\/posts\/4491\/revisions"}],"predecessor-version":[{"id":4493,"href":"https:\/\/www.radiomais.ao\/index.php\/wp-json\/wp\/v2\/posts\/4491\/revisions\/4493"}],"wp:featuredmedia":[{"embeddable":true,"href":"https:\/\/www.radiomais.ao\/index.php\/wp-json\/wp\/v2\/media\/4492"}],"wp:attachment":[{"href":"https:\/\/www.radiomais.ao\/index.php\/wp-json\/wp\/v2\/media?parent=4491"}],"wp:term":[{"taxonomy":"category","embeddable":true,"href":"https:\/\/www.radiomais.ao\/index.php\/wp-json\/wp\/v2\/categories?post=4491"},{"taxonomy":"post_tag","embeddable":true,"href":"https:\/\/www.radiomais.ao\/index.php\/wp-json\/wp\/v2\/tags?post=4491"}],"curies":[{"name":"wp","href":"https:\/\/api.w.org\/{rel}","templated":true}]}}