{"id":4494,"date":"2026-01-28T11:21:34","date_gmt":"2026-01-28T10:21:34","guid":{"rendered":"https:\/\/www.radiomais.ao\/?p=4494"},"modified":"2026-01-28T11:21:34","modified_gmt":"2026-01-28T10:21:34","slug":"infeccoes-e-perdas-auditivas-lideram-diagnosticos-nos-rastreios-da-audioclinic","status":"publish","type":"post","link":"https:\/\/www.radiomais.ao\/index.php\/2026\/01\/28\/infeccoes-e-perdas-auditivas-lideram-diagnosticos-nos-rastreios-da-audioclinic\/","title":{"rendered":"Infec\u00e7\u00f5es e perdas auditivas lideram diagn\u00f3sticos nos rastreios da Audioclinic."},"content":{"rendered":"\n<p><strong>Em dois anos de exist\u00eancia, das patologias mais diagnosticadas nos rastreios e exames auditivos da Audioclinic, destacam-se as infec\u00e7\u00f5es do ouvido, inflama\u00e7\u00f5es do canal auditivo e, sobretudo, perdas auditivas, que atingem desde os mais jovens a pessoas com idade mais avan\u00e7ada<\/strong>.<\/p>\n\n\n\n<p>m dos grandes desafios, refere Priscilla Thompson, coordenadora da Audioclinic, \u00e9 a falta de percep\u00e7\u00e3o de que a perda auditiva pode surgir de forma gradual e silenciosa, sendo que estes resultados sa\u00edram dos atendimentos realizados em dois anos, com uma m\u00e9dia de 3.500 atendimentos na especialidade de Otorrinolaringologia e 5.000 consultas de Audiologia e exames diagn\u00f3sticos \u201cMuitas pessoas s\u00f3 procuram ajuda quando o impacto j\u00e1 interfere na comunica\u00e7\u00e3o, no trabalho e nas rela\u00e7\u00f5es sociais.<\/p>\n\n\n\n<p>Por isso, refor\u00e7amos a import\u00e2ncia da avalia\u00e7\u00e3o regular, uma vez que o diagn\u00f3stico precoce reduz riscos, evita agravamentos e melhora significativamente as possibilidades de tratamento\u201d, alerta Priscilla Thompson que n\u00e3o deixou de referir que a unidade de sa\u00fade auditiva, nesses dois anos, realizou mais de 3.500 atendimentos de otorrinolaringologia e mais de 5.000 consultas de audiologia e exames de diagn\u00f3stico.<\/p>\n","protected":false},"excerpt":{"rendered":"<p>Em dois anos de exist\u00eancia, das patologias mais diagnosticadas nos rastreios e exames auditivos da Audioclinic, destacam-se as infec\u00e7\u00f5es do ouvido, inflama\u00e7\u00f5es do canal auditivo e, sobretudo, perdas auditivas, que atingem desde os mais jovens a pessoas com idade mais avan\u00e7ada. m dos grandes desafios, refere Priscilla Thompson, coordenadora da Audioclinic, \u00e9 a falta de [&hellip;]<\/p>\n","protected":false},"author":3,"featured_media":4495,"comment_status":"open","ping_status":"open","sticky":false,"template":"","format":"standard","meta":{"footnotes":""},"categories":[16],"tags":[1894,1895,1896],"class_list":["post-4494","post","type-post","status-publish","format-standard","has-post-thumbnail","hentry","category-actualidade","tag-infeccoes","tag-perdas-auditivas","tag-rastreios"],"blocksy_meta":[],"_links":{"self":[{"href":"https:\/\/www.radiomais.ao\/index.php\/wp-json\/wp\/v2\/posts\/4494","targetHints":{"allow":["GET"]}}],"collection":[{"href":"https:\/\/www.radiomais.ao\/index.php\/wp-json\/wp\/v2\/posts"}],"about":[{"href":"https:\/\/www.radiomais.ao\/index.php\/wp-json\/wp\/v2\/types\/post"}],"author":[{"embeddable":true,"href":"https:\/\/www.radiomais.ao\/index.php\/wp-json\/wp\/v2\/users\/3"}],"replies":[{"embeddable":true,"href":"https:\/\/www.radiomais.ao\/index.php\/wp-json\/wp\/v2\/comments?post=4494"}],"version-history":[{"count":1,"href":"https:\/\/www.radiomais.ao\/index.php\/wp-json\/wp\/v2\/posts\/4494\/revisions"}],"predecessor-version":[{"id":4496,"href":"https:\/\/www.radiomais.ao\/index.php\/wp-json\/wp\/v2\/posts\/4494\/revisions\/4496"}],"wp:featuredmedia":[{"embeddable":true,"href":"https:\/\/www.radiomais.ao\/index.php\/wp-json\/wp\/v2\/media\/4495"}],"wp:attachment":[{"href":"https:\/\/www.radiomais.ao\/index.php\/wp-json\/wp\/v2\/media?parent=4494"}],"wp:term":[{"taxonomy":"category","embeddable":true,"href":"https:\/\/www.radiomais.ao\/index.php\/wp-json\/wp\/v2\/categories?post=4494"},{"taxonomy":"post_tag","embeddable":true,"href":"https:\/\/www.radiomais.ao\/index.php\/wp-json\/wp\/v2\/tags?post=4494"}],"curies":[{"name":"wp","href":"https:\/\/api.w.org\/{rel}","templated":true}]}}