{"id":4497,"date":"2026-01-28T11:24:59","date_gmt":"2026-01-28T10:24:59","guid":{"rendered":"https:\/\/www.radiomais.ao\/?p=4497"},"modified":"2026-01-28T11:24:59","modified_gmt":"2026-01-28T10:24:59","slug":"gpl-da-inicio-a-reabilitacao-da-urbanizacao-nova-vida","status":"publish","type":"post","link":"https:\/\/www.radiomais.ao\/index.php\/2026\/01\/28\/gpl-da-inicio-a-reabilitacao-da-urbanizacao-nova-vida\/","title":{"rendered":"GPL d\u00e1 in\u00edcio \u00e0 reabilita\u00e7\u00e3o da Urbaniza\u00e7\u00e3o Nova Vida."},"content":{"rendered":"\n<p><strong>As reclama\u00e7\u00f5es dos moradores da Urbaniza\u00e7\u00e3o Nova Vida, localizada no munic\u00edpio do Kilamba Kiaxi, poder\u00e3o ter fim dentro em breve, fruto do projecto de reabilita\u00e7\u00e3o das infra-estruturas urbanas daquela localidade, cujo acto de consigna\u00e7\u00e3o ocorreu nesta Ter\u00e7a-feira, 27 de Janeiro<\/strong>.<\/p>\n\n\n\n<p>As obras de reabilita\u00e7\u00e3o da Urbaniza\u00e7\u00e3o Nova Vida ter\u00e3o in\u00edcio j\u00e1 nesta semana. A empreitada ter\u00e1 a dura\u00e7\u00e3o de 24 meses, tal como anunciado ontem, no acto de consigna\u00e7\u00e3o. O Governador Provincial de Luanda (GPL) pretende intervir em \u00e1reas como a rede vi\u00e1ria, que ser\u00e1 intervencionada numa ordem de 54,37 quil\u00f3metros, o refor\u00e7o das redes de ilumina\u00e7\u00e3o p\u00fablica, de abastecimento de \u00e1gua e do esgoto de \u00e1gua residual numa extens\u00e3o de 95 quil\u00f3metros.<\/p>\n\n\n\n<p>Al\u00e9m disso, est\u00e3o contemplados na mesma empreitada dois espa\u00e7os verdes, a reabilita\u00e7\u00e3o de passeio e rampas que v\u00e3o contribuir para a mobilidade dos pedestres, tal como esclareceu o vice-governador para os Servi\u00e7os T\u00e9cnicos e Infra-estruturas, Calunga Quissanga.<\/p>\n\n\n\n<p>Este fez saber que o projecto vai contemplar ainda a reabilita\u00e7\u00e3o das famosas Esta\u00e7\u00f5es de Tratamento de \u00c1guas Residuais. \u201cA obra vai iniciar no cruzamento da rua 63A do Condom\u00ednio Nova Vida. O n\u00famero de sumidores \u00e9 algo novo para a interven\u00e7\u00e3o, j\u00e1 que hoje h\u00e1 um sistema de rede pluvial superficial que escorre por cima do tapete asf\u00e1ltico at\u00e9 encontrar o seu curso normal.<\/p>\n","protected":false},"excerpt":{"rendered":"<p>As reclama\u00e7\u00f5es dos moradores da Urbaniza\u00e7\u00e3o Nova Vida, localizada no munic\u00edpio do Kilamba Kiaxi, poder\u00e3o ter fim dentro em breve, fruto do projecto de reabilita\u00e7\u00e3o das infra-estruturas urbanas daquela localidade, cujo acto de consigna\u00e7\u00e3o ocorreu nesta Ter\u00e7a-feira, 27 de Janeiro. As obras de reabilita\u00e7\u00e3o da Urbaniza\u00e7\u00e3o Nova Vida ter\u00e3o in\u00edcio j\u00e1 nesta semana. A empreitada [&hellip;]<\/p>\n","protected":false},"author":3,"featured_media":4498,"comment_status":"open","ping_status":"open","sticky":false,"template":"","format":"standard","meta":{"footnotes":""},"categories":[16],"tags":[290,1897,1898],"class_list":["post-4497","post","type-post","status-publish","format-standard","has-post-thumbnail","hentry","category-actualidade","tag-gpl","tag-reabilita","tag-urbanizacao-nova-vida"],"blocksy_meta":[],"_links":{"self":[{"href":"https:\/\/www.radiomais.ao\/index.php\/wp-json\/wp\/v2\/posts\/4497","targetHints":{"allow":["GET"]}}],"collection":[{"href":"https:\/\/www.radiomais.ao\/index.php\/wp-json\/wp\/v2\/posts"}],"about":[{"href":"https:\/\/www.radiomais.ao\/index.php\/wp-json\/wp\/v2\/types\/post"}],"author":[{"embeddable":true,"href":"https:\/\/www.radiomais.ao\/index.php\/wp-json\/wp\/v2\/users\/3"}],"replies":[{"embeddable":true,"href":"https:\/\/www.radiomais.ao\/index.php\/wp-json\/wp\/v2\/comments?post=4497"}],"version-history":[{"count":1,"href":"https:\/\/www.radiomais.ao\/index.php\/wp-json\/wp\/v2\/posts\/4497\/revisions"}],"predecessor-version":[{"id":4499,"href":"https:\/\/www.radiomais.ao\/index.php\/wp-json\/wp\/v2\/posts\/4497\/revisions\/4499"}],"wp:featuredmedia":[{"embeddable":true,"href":"https:\/\/www.radiomais.ao\/index.php\/wp-json\/wp\/v2\/media\/4498"}],"wp:attachment":[{"href":"https:\/\/www.radiomais.ao\/index.php\/wp-json\/wp\/v2\/media?parent=4497"}],"wp:term":[{"taxonomy":"category","embeddable":true,"href":"https:\/\/www.radiomais.ao\/index.php\/wp-json\/wp\/v2\/categories?post=4497"},{"taxonomy":"post_tag","embeddable":true,"href":"https:\/\/www.radiomais.ao\/index.php\/wp-json\/wp\/v2\/tags?post=4497"}],"curies":[{"name":"wp","href":"https:\/\/api.w.org\/{rel}","templated":true}]}}